{"id":4219,"date":"2023-12-08T13:17:00","date_gmt":"2023-12-08T16:17:00","guid":{"rendered":"https:\/\/defiendase.com\/?p=4219"},"modified":"2023-12-14T17:39:00","modified_gmt":"2023-12-14T20:39:00","slug":"otro-reves-de-la-corte-a-cristina-luis-juez-formara-parte-del-consejo-de-la-magistratura","status":"publish","type":"post","link":"https:\/\/defiendase.com\/index.php\/otro-reves-de-la-corte-a-cristina-luis-juez-formara-parte-del-consejo-de-la-magistratura\/","title":{"rendered":"Otro rev\u00e9s de la corte a Cristina: Luis juez formar\u00e1 parte del consejo de la magistratura"},"content":{"rendered":"\n<p>El a\u00f1o 2023 no para de darle malas noticias judiciales a Cristina Kirchner. A la derrota electoral se le suman las reaperturas de las causas del Memor\u00e1ndum con Ir\u00e1n y de Hotesur-Los Sauces, la jubilaci\u00f3n definitiva de su espada en la C\u00e1mara de Casaci\u00f3n Penal, Ana Mar\u00eda Figueroa y ahora la decisi\u00f3n de la Corte Suprema, que resolvi\u00f3 que el senador del PRO Luis Juez forme parte del Consejo de la Magistratura.<\/p>\n\n\n\n<p>La vicepresidenta hab\u00eda hecho una jugada en el Senado partiendo el bloque del kirchnerismo en dos y proponiendo a los senadores Mart\u00edn Do\u00f1ate, como titular,&nbsp; y a Guillermo Snopek, de suplente, como representantes de la segunda minor\u00eda.<\/p>\n\n\n\n<p>Sin embargo, la Corte le pidi\u00f3 opini\u00f3n al Procurador General de la Naci\u00f3n, Eduardo Casal, y \u00e9ste dictamin\u00f3 que era el M\u00e1ximo Tribunal el que estaba en mejores condiciones de resolver qui\u00e9n deb\u00eda ocupar ese lugar. Entonces, los jueces decidieron que el lugar por la segunda minor\u00eda le correspond\u00eda al bloque del PRO y por lo tanto Luis Juez deb\u00eda ser el que ocupara el lugar que faltaba.<\/p>\n\n\n\n<p>Cabe destacar que el Consejo de la Magistratura, \u00f3rgano que designa a los jueces nacionales y federales y supervisa sus desempe\u00f1os, estaba funcionando con 19 integrantes en lugar de 20 por el conflicto entre Do\u00f1ate y Juez.<\/p>\n\n\n\n<p>Desde el pr\u00f3ximo domingo, Cristina Kirchner se quedar\u00e1 sin fueros. Y aunque algunos vaticinan que se convertir\u00e1 en una fuerte voz de la oposici\u00f3n, habr\u00e1 que ver qu\u00e9 pasa con su futuro judicial en un contexto que la encuentra cada vez con menos poder e influencia.<\/p>\n","protected":false},"excerpt":{"rendered":"<p>El a\u00f1o 2023 no para de darle malas noticias judiciales a Cristina Kirchner. A la<\/p>\n","protected":false},"author":4,"featured_media":4220,"comment_status":"open","ping_status":"open","sticky":false,"template":"","format":"standard","meta":{"om_disable_all_campaigns":false,"_monsterinsights_skip_tracking":false,"_monsterinsights_sitenote_active":false,"_monsterinsights_sitenote_note":"","_monsterinsights_sitenote_category":0},"categories":[9,1],"tags":[],"aioseo_notices":[],"jetpack_featured_media_url":"https:\/\/defiendase.com\/wp-content\/uploads\/2023\/12\/juez-cristina.jpg","post_mailing_queue_ids":[],"_links":{"self":[{"href":"https:\/\/defiendase.com\/index.php\/wp-json\/wp\/v2\/posts\/4219"}],"collection":[{"href":"https:\/\/defiendase.com\/index.php\/wp-json\/wp\/v2\/posts"}],"about":[{"href":"https:\/\/defiendase.com\/index.php\/wp-json\/wp\/v2\/types\/post"}],"author":[{"embeddable":true,"href":"https:\/\/defiendase.com\/index.php\/wp-json\/wp\/v2\/users\/4"}],"replies":[{"embeddable":true,"href":"https:\/\/defiendase.com\/index.php\/wp-json\/wp\/v2\/comments?post=4219"}],"version-history":[{"count":1,"href":"https:\/\/defiendase.com\/index.php\/wp-json\/wp\/v2\/posts\/4219\/revisions"}],"predecessor-version":[{"id":4221,"href":"https:\/\/defiendase.com\/index.php\/wp-json\/wp\/v2\/posts\/4219\/revisions\/4221"}],"wp:featuredmedia":[{"embeddable":true,"href":"https:\/\/defiendase.com\/index.php\/wp-json\/wp\/v2\/media\/4220"}],"wp:attachment":[{"href":"https:\/\/defiendase.com\/index.php\/wp-json\/wp\/v2\/media?parent=4219"}],"wp:term":[{"taxonomy":"category","embeddable":true,"href":"https:\/\/defiendase.com\/index.php\/wp-json\/wp\/v2\/categories?post=4219"},{"taxonomy":"post_tag","embeddable":true,"href":"https:\/\/defiendase.com\/index.php\/wp-json\/wp\/v2\/tags?post=4219"}],"curies":[{"name":"wp","href":"https:\/\/api.w.org\/{rel}","templated":true}]}}