{"id":4211,"date":"2023-12-06T17:24:25","date_gmt":"2023-12-06T20:24:25","guid":{"rendered":"https:\/\/defiendase.com\/?p=4211"},"modified":"2023-12-14T17:53:48","modified_gmt":"2023-12-14T20:53:48","slug":"se-multiplica-la-bronca-contra-eidico","status":"publish","type":"post","link":"https:\/\/defiendase.com\/index.php\/se-multiplica-la-bronca-contra-eidico\/","title":{"rendered":"Se multiplica la bronca contra Eidico"},"content":{"rendered":"\n<p>Vecinos del barrio San Benito interceptaron a las autoridades de la desarrolladora Eidico en la puerta de una capilla en un country de Maschwitz, los escracharon y les reclamaron que se retiren de la administraci\u00f3n del barrio tras las numerosas denuncias por irregularidades y manejos poco claros. El enfrentamiento lleg\u00f3 hasta a tener algunos golpes de pu\u00f1o por la indignaci\u00f3n que despiertan los incumplimientos de la empresa.<\/p>\n\n\n\n<p>Esto ocurre d\u00edas despu\u00e9s que otro barrio privado de zona norte, el Santa Guadalupe, votara por unanimidad en una masiva asamblea el cese de la administraci\u00f3n de Eidico\/Dip\/Urbis en medio de un profundo descontento por las faltas y los problemas para escriturar que generaban las inconsistencias de la empresa.<\/p>\n\n\n\n<p>La desarrolladora, muy presente en toda la zona norte de la provincia, suele reservarse el derecho de administraci\u00f3n de los barrios que levanta. Y lo hace, seg\u00fan los vecinos, cayendo en todo tipo de incumplimientos.<\/p>\n\n\n\n<p>Adem\u00e1s del barrio Santa Guadalupe, el Barrio San Ramiro tambi\u00e9n resolvi\u00f3 colectivamente sacar a Eidico de la administraci\u00f3n y ahora los vecinos de ambos lugares esperan la resoluci\u00f3n del conflicto. En el barrio San Marcos ya lograron erradicar la administraci\u00f3n de Eidico hace a\u00f1os y demostraron que se puede estar mucho mejor.&nbsp; Los vecinos no los quieren m\u00e1s y el rechazo se extiende. Al parecer la bronca tiene sus fundamentos y empieza a dar sus frutos.<\/p>\n\n\n\n<figure class=\"wp-block-video\"><video controls src=\"https:\/\/defiendase.com\/wp-content\/uploads\/2023\/12\/IGDownloader.App_3251240871956632961.mp4\"><\/video><\/figure>\n","protected":false},"excerpt":{"rendered":"<p>Vecinos del barrio San Benito interceptaron a las autoridades de la desarrolladora Eidico en la<\/p>\n","protected":false},"author":4,"featured_media":4215,"comment_status":"open","ping_status":"open","sticky":false,"template":"","format":"standard","meta":{"om_disable_all_campaigns":false,"_monsterinsights_skip_tracking":false,"_monsterinsights_sitenote_active":false,"_monsterinsights_sitenote_note":"","_monsterinsights_sitenote_category":0},"categories":[1],"tags":[],"aioseo_notices":[],"jetpack_featured_media_url":"https:\/\/defiendase.com\/wp-content\/uploads\/2023\/12\/image-1.png","post_mailing_queue_ids":[],"_links":{"self":[{"href":"https:\/\/defiendase.com\/index.php\/wp-json\/wp\/v2\/posts\/4211"}],"collection":[{"href":"https:\/\/defiendase.com\/index.php\/wp-json\/wp\/v2\/posts"}],"about":[{"href":"https:\/\/defiendase.com\/index.php\/wp-json\/wp\/v2\/types\/post"}],"author":[{"embeddable":true,"href":"https:\/\/defiendase.com\/index.php\/wp-json\/wp\/v2\/users\/4"}],"replies":[{"embeddable":true,"href":"https:\/\/defiendase.com\/index.php\/wp-json\/wp\/v2\/comments?post=4211"}],"version-history":[{"count":3,"href":"https:\/\/defiendase.com\/index.php\/wp-json\/wp\/v2\/posts\/4211\/revisions"}],"predecessor-version":[{"id":4244,"href":"https:\/\/defiendase.com\/index.php\/wp-json\/wp\/v2\/posts\/4211\/revisions\/4244"}],"wp:featuredmedia":[{"embeddable":true,"href":"https:\/\/defiendase.com\/index.php\/wp-json\/wp\/v2\/media\/4215"}],"wp:attachment":[{"href":"https:\/\/defiendase.com\/index.php\/wp-json\/wp\/v2\/media?parent=4211"}],"wp:term":[{"taxonomy":"category","embeddable":true,"href":"https:\/\/defiendase.com\/index.php\/wp-json\/wp\/v2\/categories?post=4211"},{"taxonomy":"post_tag","embeddable":true,"href":"https:\/\/defiendase.com\/index.php\/wp-json\/wp\/v2\/tags?post=4211"}],"curies":[{"name":"wp","href":"https:\/\/api.w.org\/{rel}","templated":true}]}}