{"id":4205,"date":"2023-12-05T16:47:04","date_gmt":"2023-12-05T19:47:04","guid":{"rendered":"https:\/\/defiendase.com\/?p=4205"},"modified":"2023-12-05T16:47:06","modified_gmt":"2023-12-05T19:47:06","slug":"sin-estudios-no-hay-alimentos","status":"publish","type":"post","link":"https:\/\/defiendase.com\/index.php\/sin-estudios-no-hay-alimentos\/","title":{"rendered":"Sin estudios no hay alimentos"},"content":{"rendered":"\n<p>La justicia de Necochea fall\u00f3 a favor de un padre al que su hijo le reclamaba el pago de la cuota alimentaria despu\u00e9s de haber cumplido los 21 a\u00f1os, pero que no pudo acreditar que estaba cursando estudios terciarios o universitarios.<\/p>\n\n\n\n<p>El art\u00edculo 663 del nuevo C\u00f3digo Civil explica que la cuota alimentaria es una obligaci\u00f3n de los padres para con los hijos de hasta 18 a\u00f1os y que puede extenderse por una v\u00eda de excepci\u00f3n a los hijos mayores de edad, y hasta 25 a\u00f1os, que contin\u00faan estudiando o form\u00e1ndose en un oficio que a su vez le impide proveerse de los medios necesarios para mantenerse.&nbsp;<\/p>\n\n\n\n<p>En este caso, el joven s\u00f3lo pudo demostrar que hab\u00eda hecho algunos cursos independientes de formaci\u00f3n laboral que no ten\u00edan un plan de estudios continuado a trav\u00e9s del tiempo. Adem\u00e1s, en su declaraci\u00f3n manifest\u00f3 su intenci\u00f3n de seguir la carrera de dise\u00f1o gr\u00e1fico, pero sin aportar ninguna inscripci\u00f3n concreta a alguna instituci\u00f3n que la dicte. Para los jueces \u00abel anhelo de cursar una carrera universitaria no tiene virtualidad suficiente para acreditar en el caso la viabilidad del pedido\u00bb.<\/p>\n\n\n\n<p>Adem\u00e1s el fallo resumido en eldial.com resalta que \u00abno se acredita que la parte actora se encuentre cursando estudios que le impidan proveerse de medios necesarios para sostenerse en forma independiente\u00bb.<\/p>\n\n\n\n<p><\/p>\n\n\n\n<figure class=\"wp-block-image size-large\"><img loading=\"lazy\" width=\"1024\" height=\"189\" src=\"https:\/\/defiendase.com\/wp-content\/uploads\/2023\/12\/fallo-1024x189.png\" alt=\"\" class=\"wp-image-4206\" srcset=\"https:\/\/defiendase.com\/wp-content\/uploads\/2023\/12\/fallo-1024x189.png 1024w, https:\/\/defiendase.com\/wp-content\/uploads\/2023\/12\/fallo-300x55.png 300w, https:\/\/defiendase.com\/wp-content\/uploads\/2023\/12\/fallo-768x142.png 768w, https:\/\/defiendase.com\/wp-content\/uploads\/2023\/12\/fallo-600x111.png 600w, https:\/\/defiendase.com\/wp-content\/uploads\/2023\/12\/fallo.png 1169w\" sizes=\"(max-width: 1024px) 100vw, 1024px\" \/><\/figure>\n\n\n\n<p>Sin embargo, pese a la orden de cese de la cuota alimentaria, los jueces tambi\u00e9n dejaron la puerta abierta a que, si el joven empieza efectivamente a estudiar una carrera que le impida trabajar para mantenerse, la responsabilidad del padre se modifique. En este sentido, concluyeron que&nbsp; \u00abun futuro cambio en las circunstancias de su preparaci\u00f3n curricular\u00bb&nbsp; puede permitir \u00abla procedencia de la solicitud de alimentos en t\u00e9rminos de la normativa aplicable\u00bb.<\/p>\n\n\n\n<p><\/p>\n","protected":false},"excerpt":{"rendered":"<p>La justicia de Necochea fall\u00f3 a favor de un padre al que su hijo le<\/p>\n","protected":false},"author":4,"featured_media":4207,"comment_status":"open","ping_status":"open","sticky":false,"template":"","format":"standard","meta":{"om_disable_all_campaigns":false,"_monsterinsights_skip_tracking":false,"_monsterinsights_sitenote_active":false,"_monsterinsights_sitenote_note":"","_monsterinsights_sitenote_category":0},"categories":[252],"tags":[],"aioseo_notices":[],"jetpack_featured_media_url":"https:\/\/defiendase.com\/wp-content\/uploads\/2023\/12\/estudiante.jpg","post_mailing_queue_ids":[],"_links":{"self":[{"href":"https:\/\/defiendase.com\/index.php\/wp-json\/wp\/v2\/posts\/4205"}],"collection":[{"href":"https:\/\/defiendase.com\/index.php\/wp-json\/wp\/v2\/posts"}],"about":[{"href":"https:\/\/defiendase.com\/index.php\/wp-json\/wp\/v2\/types\/post"}],"author":[{"embeddable":true,"href":"https:\/\/defiendase.com\/index.php\/wp-json\/wp\/v2\/users\/4"}],"replies":[{"embeddable":true,"href":"https:\/\/defiendase.com\/index.php\/wp-json\/wp\/v2\/comments?post=4205"}],"version-history":[{"count":1,"href":"https:\/\/defiendase.com\/index.php\/wp-json\/wp\/v2\/posts\/4205\/revisions"}],"predecessor-version":[{"id":4208,"href":"https:\/\/defiendase.com\/index.php\/wp-json\/wp\/v2\/posts\/4205\/revisions\/4208"}],"wp:featuredmedia":[{"embeddable":true,"href":"https:\/\/defiendase.com\/index.php\/wp-json\/wp\/v2\/media\/4207"}],"wp:attachment":[{"href":"https:\/\/defiendase.com\/index.php\/wp-json\/wp\/v2\/media?parent=4205"}],"wp:term":[{"taxonomy":"category","embeddable":true,"href":"https:\/\/defiendase.com\/index.php\/wp-json\/wp\/v2\/categories?post=4205"},{"taxonomy":"post_tag","embeddable":true,"href":"https:\/\/defiendase.com\/index.php\/wp-json\/wp\/v2\/tags?post=4205"}],"curies":[{"name":"wp","href":"https:\/\/api.w.org\/{rel}","templated":true}]}}