{"id":4159,"date":"2023-11-24T14:21:39","date_gmt":"2023-11-24T17:21:39","guid":{"rendered":"https:\/\/defiendase.com\/?p=4159"},"modified":"2023-11-24T14:21:42","modified_gmt":"2023-11-24T17:21:42","slug":"un-fallo-que-pone-piso-a-la-cuota-alimentaria","status":"publish","type":"post","link":"https:\/\/defiendase.com\/index.php\/un-fallo-que-pone-piso-a-la-cuota-alimentaria\/","title":{"rendered":"Un fallo que pone piso a la cuota alimentaria"},"content":{"rendered":"\n<p>La justicia de Mor\u00f3n determin\u00f3 en un juicio por mantenci\u00f3n que la cuota alimentaria nunca puede ser inferior al 80% de la suma que establece el \u00cdndice de Crianza que elabora mes a mes el Indec.<\/p>\n\n\n\n<p>En su fallo, los jueces consideraron que \u00bb la obligaci\u00f3n de alimentos pesa sobre el padre y la madre, aunque se reconoce que el primero, de no tener a su cargo la tenencia del hijo, se encuentra con mayores posibilidades de obtener ingresos pecuniarios a trav\u00e9s de su trabajo\u00bb.&nbsp; En este caso, el padre no ten\u00eda un trabajo formal y apenas hab\u00eda depositado 18.425 pesos para la mantenci\u00f3n de su hijo.<\/p>\n\n\n\n<p>Seg\u00fan los magistrados, \u00ablos progenitores tienen el deber de proveer a la asistencia del hijo menor, y para ello deben efectuar todos los esfuerzos que resulten necesarios\u00bb. En este sentido, el escrito destaca que \u00aba\u00fan cuando el progenitor reconozca realizar determinado trabajo cuyo ingreso no es suficiente para atender las necesidades del hijo, est\u00e1 en el campo de su responsabilidad paterna dedicar parte de sus horas libres, en una medida que resulta razonable, a tareas remuneradas con las cuales poder completar la cuota\u00bb.<\/p>\n\n\n\n<p>Por eso, resolvieron que la cuota no puede ser menor al 80% de lo que estipula el \u00cdndice de Crianza, considerado \u00abun valor de referencia para saber cu\u00e1nto destinan las familias a alimentar, vestir, garantizar vivienda, trasladar y cuidar ni\u00f1os, ni\u00f1as y adolescentes, resultando \u00fatil para distribuir los gastos de crianza de forma m\u00e1s igualitaria, especialmente en los procesos de separaci\u00f3n de las parejas o luego de la separaci\u00f3n\u00bb.<\/p>\n\n\n\n<p>El abogado especialista en derecho de familia, Andr\u00e9s Beccar Varela, sostuvo que se trata de \u00abun fallo innovador\u00bb, que toma al \u00edndice de crianza como \u00abun dato objetivo y emanado de organismos p\u00fablicos que constituye un promedio, o gu\u00eda referencia\u00bb.<\/p>\n\n\n\n<p>Beccar Varela resalt\u00f3 las palabras del fallo y destac\u00f3 que \u201cconstituye, as\u00ed, un buen punto de partida para traer algo de objetividad a estas determinaciones tan ind\u00f3ciles e inciertas, m\u00e1s a\u00fan cuando -como en el caso- parte de las tareas desarrolladas por el alimentante no se llevan a cabo en el contexto de relaciones de dependencia formales\u00bb.<\/p>\n","protected":false},"excerpt":{"rendered":"<p>La justicia de Mor\u00f3n determin\u00f3 en un juicio por mantenci\u00f3n que la cuota alimentaria nunca<\/p>\n","protected":false},"author":4,"featured_media":4161,"comment_status":"open","ping_status":"open","sticky":false,"template":"","format":"standard","meta":{"om_disable_all_campaigns":false,"_monsterinsights_skip_tracking":false,"_monsterinsights_sitenote_active":false,"_monsterinsights_sitenote_note":"","_monsterinsights_sitenote_category":0},"categories":[252],"tags":[],"aioseo_notices":[],"jetpack_featured_media_url":"https:\/\/defiendase.com\/wp-content\/uploads\/2023\/11\/image-5-e1700846491361.png","post_mailing_queue_ids":[],"_links":{"self":[{"href":"https:\/\/defiendase.com\/index.php\/wp-json\/wp\/v2\/posts\/4159"}],"collection":[{"href":"https:\/\/defiendase.com\/index.php\/wp-json\/wp\/v2\/posts"}],"about":[{"href":"https:\/\/defiendase.com\/index.php\/wp-json\/wp\/v2\/types\/post"}],"author":[{"embeddable":true,"href":"https:\/\/defiendase.com\/index.php\/wp-json\/wp\/v2\/users\/4"}],"replies":[{"embeddable":true,"href":"https:\/\/defiendase.com\/index.php\/wp-json\/wp\/v2\/comments?post=4159"}],"version-history":[{"count":1,"href":"https:\/\/defiendase.com\/index.php\/wp-json\/wp\/v2\/posts\/4159\/revisions"}],"predecessor-version":[{"id":4162,"href":"https:\/\/defiendase.com\/index.php\/wp-json\/wp\/v2\/posts\/4159\/revisions\/4162"}],"wp:featuredmedia":[{"embeddable":true,"href":"https:\/\/defiendase.com\/index.php\/wp-json\/wp\/v2\/media\/4161"}],"wp:attachment":[{"href":"https:\/\/defiendase.com\/index.php\/wp-json\/wp\/v2\/media?parent=4159"}],"wp:term":[{"taxonomy":"category","embeddable":true,"href":"https:\/\/defiendase.com\/index.php\/wp-json\/wp\/v2\/categories?post=4159"},{"taxonomy":"post_tag","embeddable":true,"href":"https:\/\/defiendase.com\/index.php\/wp-json\/wp\/v2\/tags?post=4159"}],"curies":[{"name":"wp","href":"https:\/\/api.w.org\/{rel}","templated":true}]}}