{"id":4143,"date":"2023-11-22T12:54:07","date_gmt":"2023-11-22T15:54:07","guid":{"rendered":"https:\/\/defiendase.com\/?p=4143"},"modified":"2023-11-22T12:54:09","modified_gmt":"2023-11-22T15:54:09","slug":"andres-gil-dominguez-un-presidente-electo-no-tienen-ninguna-obligacion-hasta-que-asume","status":"publish","type":"post","link":"https:\/\/defiendase.com\/index.php\/andres-gil-dominguez-un-presidente-electo-no-tienen-ninguna-obligacion-hasta-que-asume\/","title":{"rendered":"Andr\u00e9s Gil Dom\u00ednguez: \u00abUn presidente electo no tienen ninguna obligaci\u00f3n hasta que asume\u00bb"},"content":{"rendered":"\n<p>El abogado constitucionalista Andr\u00e9s Gil Dom\u00ednguez habl\u00f3 sobre los derechos y las obligaciones que tiene un presidente electo durante la transici\u00f3n y sostuvo que \u00abreci\u00e9n cuando jura y se le otorgan los atributos de mando, empieza el ejercicio de su mandato.&nbsp;&nbsp; Antes no tiene ning\u00fan tipo de obligaci\u00f3n\u201d.<\/p>\n\n\n\n<p>Con esto, el constitucionalista descart\u00f3 que Javier Milei deba intervenir en decisiones de \u00edndole econ\u00f3mica de ac\u00e1 al 10 de diciembre, como hab\u00eda sugerido Sergio Massa.<\/p>\n\n\n\n<p>\u00abNo hay ninguna regulaci\u00f3n legal para la transici\u00f3n\u00bb, sostuvo Gil Dom\u00ednguez en declaraciones a radio La Red. Y agreg\u00f3 que el traspaso de mando \u00abpresupone una determinada racionalidad y una distribuci\u00f3n de competencias\u00bb entre el que se va y el que llega al poder. Pero aclar\u00f3 que hasta asumir, Milei \u00abno tiene ninguna capacidad ni ning\u00fan poder de disposici\u00f3n\u00bb.<\/p>\n\n\n\n<p>El constitucionalista admiti\u00f3 que, en definitiva, la transici\u00f3n iniciada ayer con la reuni\u00f3n en Olivos entre Alberto Fern\u00e1ndez y Milei depende \u00abde la buena voluntad y de la racionalidad de ambos equipos\u00bb para hacer relevamientos e informes por \u00e1rea. Y subray\u00f3 que es clave el di\u00e1logo entre los que dejan el gobierno y los que lo asumen, al punto de que en muchas ocasiones hay funcionarios o empleados que se quedan un tiempo m\u00e1s en determinados sectores de la administraci\u00f3n para facilitar la resoluci\u00f3n de problemas que puedan surgir.<\/p>\n\n\n\n<p>Para finalizar Gil Dom\u00ednguez explic\u00f3 que no existe ley que regule la transici\u00f3n porque no se podr\u00eda obligar a las dos partes a intercambiar informaci\u00f3n con la amenaza de una sanci\u00f3n, pero insisti\u00f3 que por el bien del pa\u00eds debe primar la racionalidad.<\/p>\n","protected":false},"excerpt":{"rendered":"<p>El abogado constitucionalista Andr\u00e9s Gil Dom\u00ednguez habl\u00f3 sobre los derechos y las obligaciones que tiene<\/p>\n","protected":false},"author":4,"featured_media":4144,"comment_status":"open","ping_status":"open","sticky":false,"template":"","format":"standard","meta":{"om_disable_all_campaigns":false,"_monsterinsights_skip_tracking":false,"_monsterinsights_sitenote_active":false,"_monsterinsights_sitenote_note":"","_monsterinsights_sitenote_category":0},"categories":[1],"tags":[],"aioseo_notices":[],"jetpack_featured_media_url":"https:\/\/defiendase.com\/wp-content\/uploads\/2023\/11\/Imagen-de-WhatsApp-2023-11-22-a-las-12.46.58_6c5ead1a.jpg","post_mailing_queue_ids":[],"_links":{"self":[{"href":"https:\/\/defiendase.com\/index.php\/wp-json\/wp\/v2\/posts\/4143"}],"collection":[{"href":"https:\/\/defiendase.com\/index.php\/wp-json\/wp\/v2\/posts"}],"about":[{"href":"https:\/\/defiendase.com\/index.php\/wp-json\/wp\/v2\/types\/post"}],"author":[{"embeddable":true,"href":"https:\/\/defiendase.com\/index.php\/wp-json\/wp\/v2\/users\/4"}],"replies":[{"embeddable":true,"href":"https:\/\/defiendase.com\/index.php\/wp-json\/wp\/v2\/comments?post=4143"}],"version-history":[{"count":2,"href":"https:\/\/defiendase.com\/index.php\/wp-json\/wp\/v2\/posts\/4143\/revisions"}],"predecessor-version":[{"id":4146,"href":"https:\/\/defiendase.com\/index.php\/wp-json\/wp\/v2\/posts\/4143\/revisions\/4146"}],"wp:featuredmedia":[{"embeddable":true,"href":"https:\/\/defiendase.com\/index.php\/wp-json\/wp\/v2\/media\/4144"}],"wp:attachment":[{"href":"https:\/\/defiendase.com\/index.php\/wp-json\/wp\/v2\/media?parent=4143"}],"wp:term":[{"taxonomy":"category","embeddable":true,"href":"https:\/\/defiendase.com\/index.php\/wp-json\/wp\/v2\/categories?post=4143"},{"taxonomy":"post_tag","embeddable":true,"href":"https:\/\/defiendase.com\/index.php\/wp-json\/wp\/v2\/tags?post=4143"}],"curies":[{"name":"wp","href":"https:\/\/api.w.org\/{rel}","templated":true}]}}