{"id":4114,"date":"2023-11-17T18:48:14","date_gmt":"2023-11-17T21:48:14","guid":{"rendered":"https:\/\/defiendase.com\/?p=4114"},"modified":"2023-11-17T18:48:16","modified_gmt":"2023-11-17T21:48:16","slug":"inedito-en-la-justicia-identificaron-a-un-violador-al-cruzar-evidencia-con-en-registro-de-datos-geneticos","status":"publish","type":"post","link":"https:\/\/defiendase.com\/index.php\/inedito-en-la-justicia-identificaron-a-un-violador-al-cruzar-evidencia-con-en-registro-de-datos-geneticos\/","title":{"rendered":"In\u00e9dito en la Justicia:  Identificaron a un violador al cruzar evidencia con en registro de datos gen\u00e9ticos"},"content":{"rendered":"\n<p>Por primera vez la justicia identific\u00f3 a un abusador con datos cruzados con el Registro Nacional de Datos Gen\u00e9ticos vinculados a delitos contra la integridad sexual. Fue al cotejar la evidencia obtenida en la escena del hecho con los perfiles almacenados en el registro.<\/p>\n\n\n\n<p>La base de datos est\u00e1 respaldada por la Suprema Corte bonaerense y cuenta con la colaboraci\u00f3n de las provincias de Buenos Aires, Misiones, Santa Cruz, La Pampa, Chubut, Santiago del Estero, Formosa, Salta y San Luis. Est\u00e1 integrada por m\u00e1s de 16 &nbsp;mil perfiles de personas sentenciadas por abusos y violaciones. Esta cifra es m\u00e1s de la mitad de los condenados por delitos sexuales en todo el pa\u00eds.<\/p>\n\n\n\n<p>Si bien fue creado en 2013, la ley reci\u00e9n se reglament\u00f3 en 2017 y el registro reci\u00e9n pudo ponerse en marcha en 2021, porque antes no se firm\u00f3 ning\u00fan convenio con las provincias. Se guarda la informaci\u00f3n gen\u00e9tica de todos aquellos que tienen condena firme para intentar colaborar en futuras causas que involucren a atacantes reincidentes.&nbsp;<\/p>\n\n\n\n<p>En este caso, la evidencia allada tras una violaci\u00f3n permiti\u00f3 la identificaci\u00f3n del agresor, que claramente ten\u00eda antecedentes y cuyos datos ya estaban en el registro.&nbsp;<\/p>\n","protected":false},"excerpt":{"rendered":"<p>Por primera vez la justicia identific\u00f3 a un abusador con datos cruzados con el Registro<\/p>\n","protected":false},"author":4,"featured_media":4115,"comment_status":"open","ping_status":"open","sticky":false,"template":"","format":"standard","meta":{"om_disable_all_campaigns":false,"_monsterinsights_skip_tracking":false,"_monsterinsights_sitenote_active":false,"_monsterinsights_sitenote_note":"","_monsterinsights_sitenote_category":0},"categories":[9],"tags":[],"aioseo_notices":[],"jetpack_featured_media_url":"https:\/\/defiendase.com\/wp-content\/uploads\/2023\/11\/image.jpeg","post_mailing_queue_ids":[],"_links":{"self":[{"href":"https:\/\/defiendase.com\/index.php\/wp-json\/wp\/v2\/posts\/4114"}],"collection":[{"href":"https:\/\/defiendase.com\/index.php\/wp-json\/wp\/v2\/posts"}],"about":[{"href":"https:\/\/defiendase.com\/index.php\/wp-json\/wp\/v2\/types\/post"}],"author":[{"embeddable":true,"href":"https:\/\/defiendase.com\/index.php\/wp-json\/wp\/v2\/users\/4"}],"replies":[{"embeddable":true,"href":"https:\/\/defiendase.com\/index.php\/wp-json\/wp\/v2\/comments?post=4114"}],"version-history":[{"count":1,"href":"https:\/\/defiendase.com\/index.php\/wp-json\/wp\/v2\/posts\/4114\/revisions"}],"predecessor-version":[{"id":4116,"href":"https:\/\/defiendase.com\/index.php\/wp-json\/wp\/v2\/posts\/4114\/revisions\/4116"}],"wp:featuredmedia":[{"embeddable":true,"href":"https:\/\/defiendase.com\/index.php\/wp-json\/wp\/v2\/media\/4115"}],"wp:attachment":[{"href":"https:\/\/defiendase.com\/index.php\/wp-json\/wp\/v2\/media?parent=4114"}],"wp:term":[{"taxonomy":"category","embeddable":true,"href":"https:\/\/defiendase.com\/index.php\/wp-json\/wp\/v2\/categories?post=4114"},{"taxonomy":"post_tag","embeddable":true,"href":"https:\/\/defiendase.com\/index.php\/wp-json\/wp\/v2\/tags?post=4114"}],"curies":[{"name":"wp","href":"https:\/\/api.w.org\/{rel}","templated":true}]}}