{"id":4092,"date":"2023-11-09T16:32:10","date_gmt":"2023-11-09T19:32:10","guid":{"rendered":"https:\/\/defiendase.com\/?p=4092"},"modified":"2023-11-09T16:32:13","modified_gmt":"2023-11-09T19:32:13","slug":"autorizan-las-cartas-documento-digitales-sin-tener-que-ir-al-correo","status":"publish","type":"post","link":"https:\/\/defiendase.com\/index.php\/autorizan-las-cartas-documento-digitales-sin-tener-que-ir-al-correo\/","title":{"rendered":"Autorizan las cartas documento digitales, sin tener que ir al correo"},"content":{"rendered":"\n<p>Con una publicaci\u00f3n en el Bolet\u00edn Oficial, el gobierno autoriz\u00f3 la Carta documento con validaci\u00f3n de identidad digital que posibilitar\u00e1 la realizaci\u00f3n de este tr\u00e1mite sin tener que ir presencialmente al correo.<\/p>\n\n\n\n<p>El texto con el que se present\u00f3 la iniciativa destaca que \u00abentre las principales caracter\u00edsticas de este servicio, cabe resaltar la modificaci\u00f3n del mecanismo de imposici\u00f3n, incorporando tecnolog\u00eda y agilizando el proceso\u00bb.<\/p>\n\n\n\n<p>Se trata de una herramienta para clientes minoristas. Se necesita registrarse como usuario y realizar la verificaci\u00f3n de identidad digital mediante el Sistema de Identidad Digital del Registro Nacional de las Personas a trav\u00e9s del reconocimiento facial.&nbsp; Una vez verificada la identidad del remitente, aparecen en forma autom\u00e1tica el nombre y el documento de la persona. La entrega es inmediata, excepto para los env\u00edos hechos despu\u00e9s de las 20 hs o los d\u00edas feriados.<\/p>\n\n\n\n<p>Se generar\u00e1n 3 copias de la carta documento: una para imprimir en el lugar de destino y entregar al destinatario y otras dos que ser\u00e1n virtuales, una para el remitente y otra que quedar\u00e1 almacenada en los servidores del correo.<\/p>\n\n\n\n<p>Habr\u00e1 un total de dos intentos de entrega con aviso de visita y el seguimiento podr\u00e1 hacerse tambi\u00e9n en forma digital.<\/p>\n","protected":false},"excerpt":{"rendered":"<p>Con una publicaci\u00f3n en el Bolet\u00edn Oficial, el gobierno autoriz\u00f3 la Carta documento con validaci\u00f3n<\/p>\n","protected":false},"author":4,"featured_media":4093,"comment_status":"open","ping_status":"open","sticky":false,"template":"","format":"standard","meta":{"om_disable_all_campaigns":false,"_monsterinsights_skip_tracking":false,"_monsterinsights_sitenote_active":false,"_monsterinsights_sitenote_note":"","_monsterinsights_sitenote_category":0},"categories":[1],"tags":[],"aioseo_notices":[],"jetpack_featured_media_url":"https:\/\/defiendase.com\/wp-content\/uploads\/2023\/11\/image-3.png","post_mailing_queue_ids":[],"_links":{"self":[{"href":"https:\/\/defiendase.com\/index.php\/wp-json\/wp\/v2\/posts\/4092"}],"collection":[{"href":"https:\/\/defiendase.com\/index.php\/wp-json\/wp\/v2\/posts"}],"about":[{"href":"https:\/\/defiendase.com\/index.php\/wp-json\/wp\/v2\/types\/post"}],"author":[{"embeddable":true,"href":"https:\/\/defiendase.com\/index.php\/wp-json\/wp\/v2\/users\/4"}],"replies":[{"embeddable":true,"href":"https:\/\/defiendase.com\/index.php\/wp-json\/wp\/v2\/comments?post=4092"}],"version-history":[{"count":1,"href":"https:\/\/defiendase.com\/index.php\/wp-json\/wp\/v2\/posts\/4092\/revisions"}],"predecessor-version":[{"id":4094,"href":"https:\/\/defiendase.com\/index.php\/wp-json\/wp\/v2\/posts\/4092\/revisions\/4094"}],"wp:featuredmedia":[{"embeddable":true,"href":"https:\/\/defiendase.com\/index.php\/wp-json\/wp\/v2\/media\/4093"}],"wp:attachment":[{"href":"https:\/\/defiendase.com\/index.php\/wp-json\/wp\/v2\/media?parent=4092"}],"wp:term":[{"taxonomy":"category","embeddable":true,"href":"https:\/\/defiendase.com\/index.php\/wp-json\/wp\/v2\/categories?post=4092"},{"taxonomy":"post_tag","embeddable":true,"href":"https:\/\/defiendase.com\/index.php\/wp-json\/wp\/v2\/tags?post=4092"}],"curies":[{"name":"wp","href":"https:\/\/api.w.org\/{rel}","templated":true}]}}