{"id":4088,"date":"2023-11-08T17:13:18","date_gmt":"2023-11-08T20:13:18","guid":{"rendered":"https:\/\/defiendase.com\/?p=4088"},"modified":"2023-11-08T17:52:21","modified_gmt":"2023-11-08T20:52:21","slug":"destituyeron-y-detuvieron-al-juez-bento","status":"publish","type":"post","link":"https:\/\/defiendase.com\/index.php\/destituyeron-y-detuvieron-al-juez-bento\/","title":{"rendered":"Destituyeron y detuvieron al Juez Bento"},"content":{"rendered":"\n<p>Muy malas noticias para el pol\u00e9mico juez Walter Bento: a partir de este mediod\u00eda dej\u00f3 de ser juez. El Jurado de Enjuiciamiento que lo investigaba por mal desempe\u00f1o de sus funciones lo destituy\u00f3. Y con esta destituci\u00f3n lo dej\u00f3 sin fueros, lo que posibilit\u00f3 que horas despu\u00e9s quedara detenido porque adem\u00e1s est\u00e1 acusado y procesado con prisi\u00f3n preventiva por integrar una supuesta asociaci\u00f3n il\u00edcita que beneficiaba a presos a cambio de coimas.<\/p>\n\n\n\n<p>Bento sigui\u00f3 el veredicto desde Mendoza y escuch\u00f3 como los jueces afirmaban que qued\u00f3 comprobado que realiz\u00f3 \u00abmaniobras para entorpecer causas\u00bb. Y aunque seg\u00fan la Constituci\u00f3n nacional la decisi\u00f3n del jury no es apelable, su defensa adelant\u00f3 que se presentar\u00e1 ante la Corte Suprema.&nbsp;<\/p>\n\n\n\n<p>El jurado estuvo integrado por Javier de la Fuente, juez de la C\u00e1mara del Crimen, Jos\u00e9 Torello, senador del Pro, Daniel Bensus\u00e1n, senador del Frente de Todos, Ana Clara Romero, diputada del Pro, Anah\u00ed Costa, diputada del Frente de Todos, Javier Mar\u00eda Leal de Ibarra, presidente de la C\u00e1mara Federal de Comodoro Rivadavia y Alfredo Barrau, abogado. Bastaban 5 de los 7 votos para separarlo de su cargo y finalmente fueron 6.<\/p>\n\n\n\n<p>En el veredicto, el tribunal sostuvo que \u201csu conducta perjudic\u00f3 el servicio de justicia e incurri\u00f3 en mal desempe\u00f1o, por lo que debe cesar en la magistratura\u201d. Adem\u00e1s detectaron incrementos desmedidos e injustificados de su patrimonio, viajes al exterior y compra de distintas propiedades.&nbsp; El \u00fanico que vot\u00f3 en disidencia fue De la Fuente, que consider\u00f3 que \u201cla causal de mal desempe\u00f1o atribuida en realidad se ha basado en la comisi\u00f3n de hechos delictivos que no han sido probados\u201d<\/p>\n\n\n\n<p>En paralelo, en Mendoza, Bento afronta un juicio penal en una causa en la que ya tiene 8 procesamientos con prisi\u00f3n preventiva que no hab\u00eda podido hacerse efectiva hasta ahora por los fueros de los que gozaba como magistrado. En esa causa&nbsp; la fiscal\u00eda detall\u00f3 que el juez otorgaba beneficios procesales, generalmente sobreseimientos, a personas acusadas por delitos federales como contrabando y narcotr\u00e1fico. A cambio cobraba sobornos pagados en d\u00f3lares o con bienes inmuebles o autom\u00f3viles. De la organizaci\u00f3n tambi\u00e9n participaban otras 30 personas entre las que hab\u00eda abogados y hasta polic\u00edas.<\/p>\n\n\n\n<p>Por esta raz\u00f3n, apenas dos horas despu\u00e9s de conocerse el fallo que lo destitu\u00eda, la polic\u00eda de Mendoza procedi\u00f3 a detenerlo. Ser\u00e1 trasladado al penal de Cacheuta donde empezar\u00e1 a vivir sus d\u00edas a la sombra y sin privilegios a la espera de otro fallo que podr\u00eda dejarlo encerrado muchos a\u00f1os en la c\u00e1rcel.&nbsp;<\/p>\n","protected":false},"excerpt":{"rendered":"<p>Muy malas noticias para el pol\u00e9mico juez Walter Bento: a partir de este mediod\u00eda dej\u00f3<\/p>\n","protected":false},"author":4,"featured_media":4091,"comment_status":"open","ping_status":"open","sticky":false,"template":"","format":"standard","meta":{"om_disable_all_campaigns":false,"_monsterinsights_skip_tracking":false,"_monsterinsights_sitenote_active":false,"_monsterinsights_sitenote_note":"","_monsterinsights_sitenote_category":0},"categories":[9],"tags":[],"aioseo_notices":[],"jetpack_featured_media_url":"https:\/\/defiendase.com\/wp-content\/uploads\/2023\/11\/image-2.png","post_mailing_queue_ids":[],"_links":{"self":[{"href":"https:\/\/defiendase.com\/index.php\/wp-json\/wp\/v2\/posts\/4088"}],"collection":[{"href":"https:\/\/defiendase.com\/index.php\/wp-json\/wp\/v2\/posts"}],"about":[{"href":"https:\/\/defiendase.com\/index.php\/wp-json\/wp\/v2\/types\/post"}],"author":[{"embeddable":true,"href":"https:\/\/defiendase.com\/index.php\/wp-json\/wp\/v2\/users\/4"}],"replies":[{"embeddable":true,"href":"https:\/\/defiendase.com\/index.php\/wp-json\/wp\/v2\/comments?post=4088"}],"version-history":[{"count":1,"href":"https:\/\/defiendase.com\/index.php\/wp-json\/wp\/v2\/posts\/4088\/revisions"}],"predecessor-version":[{"id":4090,"href":"https:\/\/defiendase.com\/index.php\/wp-json\/wp\/v2\/posts\/4088\/revisions\/4090"}],"wp:featuredmedia":[{"embeddable":true,"href":"https:\/\/defiendase.com\/index.php\/wp-json\/wp\/v2\/media\/4091"}],"wp:attachment":[{"href":"https:\/\/defiendase.com\/index.php\/wp-json\/wp\/v2\/media?parent=4088"}],"wp:term":[{"taxonomy":"category","embeddable":true,"href":"https:\/\/defiendase.com\/index.php\/wp-json\/wp\/v2\/categories?post=4088"},{"taxonomy":"post_tag","embeddable":true,"href":"https:\/\/defiendase.com\/index.php\/wp-json\/wp\/v2\/tags?post=4088"}],"curies":[{"name":"wp","href":"https:\/\/api.w.org\/{rel}","templated":true}]}}