{"id":4081,"date":"2023-11-07T15:35:11","date_gmt":"2023-11-07T18:35:11","guid":{"rendered":"https:\/\/defiendase.com\/?p=4081"},"modified":"2023-11-07T15:35:13","modified_gmt":"2023-11-07T18:35:13","slug":"un-ejemplo-con-104-anos-exigio-su-derecho-a-votar","status":"publish","type":"post","link":"https:\/\/defiendase.com\/index.php\/un-ejemplo-con-104-anos-exigio-su-derecho-a-votar\/","title":{"rendered":"Un ejemplo: Con 104 a\u00f1os exigi\u00f3 su derecho a votar"},"content":{"rendered":"\n<p>Una mujer de 104 a\u00f1os logr\u00f3 que la reincorporaran al padr\u00f3n para poder votar en el balotaje, despu\u00e9s de haber sido excluida tanto en las elecciones primarias como en las generales.<\/p>\n\n\n\n<p>Se trata de Magdalena Fanny C\u00f3rdoba, que naci\u00f3 el 16 de agosto de 1919 y fue borrada del listado de electores al cumplir 104 a\u00f1os porque una acordada de la C\u00e1mara Electoral de 2018 dispuso esa edad como un corte razonable, bas\u00e1ndose en las estad\u00edsticas de longevidad.<\/p>\n\n\n\n<p>Sin embargo, la mujer hizo el reclamo correspondiente y el juez Alejo Ramos Padilla resolvi\u00f3 que pudiera votar en la segunda vuelta. \u00abSe ha cercenado el derecho de voto de una electora h\u00e1bil, que se encontraba correctamente inscripta en el registro electoral y que ahora qued\u00f3 excluida del padr\u00f3n de electores activos, por el solo hecho de haber cumplido la edad tomada como criterio de corte para la inclusi\u00f3n en la Acordada\u00bb, sostuvo en su escrito como justificaci\u00f3n.<\/p>\n\n\n\n<p>Adem\u00e1s el juez reconoci\u00f3 que la mujer&nbsp; \u00abtiene claro y as\u00ed lo expresa, la importancia de asistir a emitir su voto, por lo que su reclamo debe ser atendido\u00bb.<\/p>\n\n\n\n<p>\u00abSi bien la medida dispuesta en la citada acordada ha resultado eficaz, en su momento, para lograr que el padr\u00f3n sea un reflejo adecuado de los electores de cada distrito, lo cierto es que, en este caso en particular, la ciudadana se ha visto afectada en su derecho de elegir a quienes habr\u00e1n de representarla\u00bb, concluy\u00f3 el juez.<\/p>\n\n\n\n<p>Magdalena tendr\u00e1 un cuarto oscuro adaptado en Berazategui el domingo 19 y podr\u00e1 expresar su voluntad como todos los ciudadanos despu\u00e9s de que la justicia le reconociera sus derechos.<\/p>\n","protected":false},"excerpt":{"rendered":"<p>Una mujer de 104 a\u00f1os logr\u00f3 que la reincorporaran al padr\u00f3n para poder votar en<\/p>\n","protected":false},"author":4,"featured_media":4084,"comment_status":"open","ping_status":"open","sticky":false,"template":"","format":"standard","meta":{"om_disable_all_campaigns":false,"_monsterinsights_skip_tracking":false,"_monsterinsights_sitenote_active":false,"_monsterinsights_sitenote_note":"","_monsterinsights_sitenote_category":0},"categories":[2],"tags":[],"aioseo_notices":[],"jetpack_featured_media_url":"https:\/\/defiendase.com\/wp-content\/uploads\/2023\/11\/mujer-de-104-anos-que-logro-un-fallo-para-votar-en-el-balotaje-1692601-1.webp","post_mailing_queue_ids":[],"_links":{"self":[{"href":"https:\/\/defiendase.com\/index.php\/wp-json\/wp\/v2\/posts\/4081"}],"collection":[{"href":"https:\/\/defiendase.com\/index.php\/wp-json\/wp\/v2\/posts"}],"about":[{"href":"https:\/\/defiendase.com\/index.php\/wp-json\/wp\/v2\/types\/post"}],"author":[{"embeddable":true,"href":"https:\/\/defiendase.com\/index.php\/wp-json\/wp\/v2\/users\/4"}],"replies":[{"embeddable":true,"href":"https:\/\/defiendase.com\/index.php\/wp-json\/wp\/v2\/comments?post=4081"}],"version-history":[{"count":2,"href":"https:\/\/defiendase.com\/index.php\/wp-json\/wp\/v2\/posts\/4081\/revisions"}],"predecessor-version":[{"id":4086,"href":"https:\/\/defiendase.com\/index.php\/wp-json\/wp\/v2\/posts\/4081\/revisions\/4086"}],"wp:featuredmedia":[{"embeddable":true,"href":"https:\/\/defiendase.com\/index.php\/wp-json\/wp\/v2\/media\/4084"}],"wp:attachment":[{"href":"https:\/\/defiendase.com\/index.php\/wp-json\/wp\/v2\/media?parent=4081"}],"wp:term":[{"taxonomy":"category","embeddable":true,"href":"https:\/\/defiendase.com\/index.php\/wp-json\/wp\/v2\/categories?post=4081"},{"taxonomy":"post_tag","embeddable":true,"href":"https:\/\/defiendase.com\/index.php\/wp-json\/wp\/v2\/tags?post=4081"}],"curies":[{"name":"wp","href":"https:\/\/api.w.org\/{rel}","templated":true}]}}