{"id":4072,"date":"2023-11-03T10:18:17","date_gmt":"2023-11-03T13:18:17","guid":{"rendered":"https:\/\/defiendase.com\/?p=4072"},"modified":"2023-11-03T10:18:54","modified_gmt":"2023-11-03T13:18:54","slug":"choque-de-derechos-la-justicia-de-cordoba-habilito-a-una-mujer-a-rezar-en-el-mismo-espacio-que-los-hombres-en-una-mezquita","status":"publish","type":"post","link":"https:\/\/defiendase.com\/index.php\/choque-de-derechos-la-justicia-de-cordoba-habilito-a-una-mujer-a-rezar-en-el-mismo-espacio-que-los-hombres-en-una-mezquita\/","title":{"rendered":"Choque de derechos: la justicia de c\u00f3rdoba habilit\u00f3 a una mujer a rezar en el mismo espacio que los hombres en una mezquita"},"content":{"rendered":"\n<p>La cuesti\u00f3n de g\u00e9nero prim\u00f3 por sobre la cuesti\u00f3n religiosa y en un fallo in\u00e9dito, la justicia de C\u00f3rdoba autoriz\u00f3 a una mujer a rezar en una mezquita en el mismo espacio f\u00edsico que sus compa\u00f1eros varones.<\/p>\n\n\n\n<p>Fue a ra\u00edz de una denuncia que hizo la v\u00edctima luego de que el nuevo encargado de las oraciones colectivas en la mezquita la relegara y le impusiera que deb\u00eda rezar con una biblioteca que la separaba de los hombres. Para la mujer, esto atentaba contra su libertad y la discriminaba por su condici\u00f3n femenina.<\/p>\n\n\n\n<p>La denunciante detall\u00f3 que antes de la llegada del nuevo im\u00e1n, ella sol\u00eda profesar su fe isl\u00e1mica sin ning\u00fan tipo de impedimento junto a su pareja y otros varones en igualdad de condiciones y sin objeciones de nadie.&nbsp;<\/p>\n\n\n\n<p>En el fallo, la jueza Mariana Wallace sostuvo que el l\u00edmite para el ejercicio del derecho a profesar una religi\u00f3n est\u00e1 dado por el orden p\u00fablico y que el derecho de las mujeres a vivir una vida libre de violencia y de discriminaci\u00f3n forma parte del orden p\u00fablico argentino.<\/p>\n\n\n\n<p>Esto levant\u00f3 pol\u00e9mica porque la separaci\u00f3n entre hombres y mujeres es una tradici\u00f3n que lleva siglos en la cultura musulmana. Seg\u00fan los expertos, esa costumbre es para que los creyentes no pierdan su concentraci\u00f3n en el momento del di\u00e1logo con Al\u00e1.<\/p>\n\n\n\n<p>En efecto, el fallo choca de alguna manera con el derecho a la libertad religiosa o de culto.\u00a0 \u201cReconocer derechos a las minor\u00edas, por parte de las culturas hegem\u00f3nicas, tiene un piso m\u00ednimo no negociable\u00bb, sostuvo la jueza, que en su escrito agreg\u00f3 \u00abcuando el nuevo im\u00e1n pretende hacerla rezar tras la biblioteca y la excluye de las conversaciones e ingesta de alimentos en com\u00fan con los varones tras el rezo, se produce una regresi\u00f3n en el ejercicio de sus derechos. Hay que determinar si tal regresi\u00f3n es razonable y\/o justificada a la luz de nuestra Constituci\u00f3n Nacional y los tratados internacionales\u201d.<\/p>\n\n\n\n<p>Por \u00faltimo, la sentencia concluy\u00f3 que \u00abretornar a superadas pr\u00e1cticas restrictivas, es una limitaci\u00f3n arbitraria e inconstitucional en el contexto que se trata, por lo que la demandante tiene derecho a practicar el rezo sin una barrera f\u00edsica que la separa de los varones y participar de las conversaciones y consumo de comida tras el rezo en igualdad con los varones, como lo hac\u00eda con el anterior im\u00e1n\u00bb.<\/p>\n","protected":false},"excerpt":{"rendered":"<p>La cuesti\u00f3n de g\u00e9nero prim\u00f3 por sobre la cuesti\u00f3n religiosa y en un fallo in\u00e9dito,<\/p>\n","protected":false},"author":4,"featured_media":4073,"comment_status":"open","ping_status":"open","sticky":false,"template":"","format":"standard","meta":{"om_disable_all_campaigns":false,"_monsterinsights_skip_tracking":false,"_monsterinsights_sitenote_active":false,"_monsterinsights_sitenote_note":"","_monsterinsights_sitenote_category":0},"categories":[16],"tags":[],"aioseo_notices":[],"jetpack_featured_media_url":"https:\/\/defiendase.com\/wp-content\/uploads\/2023\/11\/image.png","post_mailing_queue_ids":[],"_links":{"self":[{"href":"https:\/\/defiendase.com\/index.php\/wp-json\/wp\/v2\/posts\/4072"}],"collection":[{"href":"https:\/\/defiendase.com\/index.php\/wp-json\/wp\/v2\/posts"}],"about":[{"href":"https:\/\/defiendase.com\/index.php\/wp-json\/wp\/v2\/types\/post"}],"author":[{"embeddable":true,"href":"https:\/\/defiendase.com\/index.php\/wp-json\/wp\/v2\/users\/4"}],"replies":[{"embeddable":true,"href":"https:\/\/defiendase.com\/index.php\/wp-json\/wp\/v2\/comments?post=4072"}],"version-history":[{"count":1,"href":"https:\/\/defiendase.com\/index.php\/wp-json\/wp\/v2\/posts\/4072\/revisions"}],"predecessor-version":[{"id":4074,"href":"https:\/\/defiendase.com\/index.php\/wp-json\/wp\/v2\/posts\/4072\/revisions\/4074"}],"wp:featuredmedia":[{"embeddable":true,"href":"https:\/\/defiendase.com\/index.php\/wp-json\/wp\/v2\/media\/4073"}],"wp:attachment":[{"href":"https:\/\/defiendase.com\/index.php\/wp-json\/wp\/v2\/media?parent=4072"}],"wp:term":[{"taxonomy":"category","embeddable":true,"href":"https:\/\/defiendase.com\/index.php\/wp-json\/wp\/v2\/categories?post=4072"},{"taxonomy":"post_tag","embeddable":true,"href":"https:\/\/defiendase.com\/index.php\/wp-json\/wp\/v2\/tags?post=4072"}],"curies":[{"name":"wp","href":"https:\/\/api.w.org\/{rel}","templated":true}]}}