{"id":4068,"date":"2023-11-02T11:44:07","date_gmt":"2023-11-02T14:44:07","guid":{"rendered":"https:\/\/defiendase.com\/?p=4068"},"modified":"2023-11-02T11:44:11","modified_gmt":"2023-11-02T14:44:11","slug":"la-exjueza-figueroa-contraataca-con-duras-criticas-reclamo-que-le-devuelvan-su-cargo","status":"publish","type":"post","link":"https:\/\/defiendase.com\/index.php\/la-exjueza-figueroa-contraataca-con-duras-criticas-reclamo-que-le-devuelvan-su-cargo\/","title":{"rendered":"La exjueza Figueroa contraataca: Con duras cr\u00edticas reclam\u00f3 que le devuelvan su cargo"},"content":{"rendered":"\n<p>El reclamo tard\u00f3 pero lleg\u00f3. Ana Mar\u00eda Figueroa pidi\u00f3 ser restituida en su cargo como jueza de la C\u00e1mara de Casaci\u00f3n Penal luego de que la Corte Suprema dispusiera su jubilaci\u00f3n y el Senado aprobara su pliego para un nuevo mandato. En ese orden.<\/p>\n\n\n\n<p>La magistrada hab\u00eda cumplido 75 a\u00f1os sin que la C\u00e1mara Alta llegara a un acuerdo para prorrogar sus funciones, por lo que la Corte, bas\u00e1ndose en lo que dicta la Constituci\u00f3n, la hab\u00eda apartado de su cargo. Semanas despu\u00e9s, el kirchnerismo presion\u00f3 en el Senado y, aprovechando el qu\u00f3rum de una sesi\u00f3n en la que se debatieron temas sensibles como la eliminaci\u00f3n del Impuesto a las Ganancias, vot\u00f3 a favor de que Figueroa contin\u00fae como jueza durante otros 5 a\u00f1os.&nbsp;<\/p>\n\n\n\n<p>Pasaron varias semanas hasta que la magistrada movi\u00f3 sus fichas. Con una carta de 31 carillas dirigida al Consejo de la Magistratura no solo pidi\u00f3 su restituci\u00f3n sino que reclam\u00f3 el pago de los salarios retroactivos a septiembre y exigi\u00f3 volver a presidir la C\u00e1mara de Casaci\u00f3n, que actualmente est\u00e1 bajo el mandato del juez Mariano Borinsky. Incluso fue m\u00e1s all\u00e1 y acus\u00f3 a Borinsky de constituirse \u00abde facto en presidente del cuerpo\u00bb con la complicidad de los dem\u00e1s camaristas Diego Barroetave\u00f1a, Guillermo Yacobucci, Daniel Petrone y Gustavo Hornos.<\/p>\n\n\n\n<p>La, por ahora, exjueza dijo que fue v\u00edctima de discriminaci\u00f3n de g\u00e9nero por \u00ablos cuatro jueces varones\u00bb de la Corte y que el m\u00e1ximo tribunal incurri\u00f3 en una \u00abindebida injerencia por fuera de sus atribuciones constitucionales\u00bb al dejarla cesante. \u00abSe cumpli\u00f3 el tr\u00e1mite constitucionalmente previsto y obtuve un nuevo nombramiento para mantenerme en mi funci\u00f3n jurisdiccional\u00bb, sostuvo y reclam\u00f3 \u00abla inmediata ejecuci\u00f3n\u00bb del decreto presidencial por el que se la autoriza a continuar por 5 a\u00f1os en su cargo.<\/p>\n\n\n\n<p>Figueroa es considerada una pieza clave por el kirchnerismo en el terreno judicial y en la C\u00e1mara de Casaci\u00f3n, que es el tribunal penal m\u00e1s alto del pa\u00eds por debajo de la Corte Suprema. Sus fallos siempre estuvieron en sinton\u00eda con las pretensiones de Cristina Kirchner e incluso en varias oportunidades apoy\u00f3 la teor\u00eda del Lawfare esgrimida por la vicepresidenta para hablar de una persecuci\u00f3n en su contra. Antes de ser cesanteada deb\u00eda fallar sobre la reapertura de la causa Hotesur- Los Sauces, pero no pudo hacerlo y finalmente la C\u00e1mara resolvi\u00f3 revocar el sobreseimiento de Cristina Kirchner y enviarla a juicio.<\/p>\n","protected":false},"excerpt":{"rendered":"<p>El reclamo tard\u00f3 pero lleg\u00f3. Ana Mar\u00eda Figueroa pidi\u00f3 ser restituida en su cargo como<\/p>\n","protected":false},"author":4,"featured_media":4069,"comment_status":"open","ping_status":"open","sticky":false,"template":"","format":"standard","meta":{"om_disable_all_campaigns":false,"_monsterinsights_skip_tracking":false,"_monsterinsights_sitenote_active":false,"_monsterinsights_sitenote_note":"","_monsterinsights_sitenote_category":0},"categories":[18],"tags":[],"aioseo_notices":[],"jetpack_featured_media_url":"https:\/\/defiendase.com\/wp-content\/uploads\/2023\/11\/FIGUEROA.jpg","post_mailing_queue_ids":[],"_links":{"self":[{"href":"https:\/\/defiendase.com\/index.php\/wp-json\/wp\/v2\/posts\/4068"}],"collection":[{"href":"https:\/\/defiendase.com\/index.php\/wp-json\/wp\/v2\/posts"}],"about":[{"href":"https:\/\/defiendase.com\/index.php\/wp-json\/wp\/v2\/types\/post"}],"author":[{"embeddable":true,"href":"https:\/\/defiendase.com\/index.php\/wp-json\/wp\/v2\/users\/4"}],"replies":[{"embeddable":true,"href":"https:\/\/defiendase.com\/index.php\/wp-json\/wp\/v2\/comments?post=4068"}],"version-history":[{"count":1,"href":"https:\/\/defiendase.com\/index.php\/wp-json\/wp\/v2\/posts\/4068\/revisions"}],"predecessor-version":[{"id":4070,"href":"https:\/\/defiendase.com\/index.php\/wp-json\/wp\/v2\/posts\/4068\/revisions\/4070"}],"wp:featuredmedia":[{"embeddable":true,"href":"https:\/\/defiendase.com\/index.php\/wp-json\/wp\/v2\/media\/4069"}],"wp:attachment":[{"href":"https:\/\/defiendase.com\/index.php\/wp-json\/wp\/v2\/media?parent=4068"}],"wp:term":[{"taxonomy":"category","embeddable":true,"href":"https:\/\/defiendase.com\/index.php\/wp-json\/wp\/v2\/categories?post=4068"},{"taxonomy":"post_tag","embeddable":true,"href":"https:\/\/defiendase.com\/index.php\/wp-json\/wp\/v2\/tags?post=4068"}],"curies":[{"name":"wp","href":"https:\/\/api.w.org\/{rel}","templated":true}]}}