{"id":3974,"date":"2023-10-09T14:28:17","date_gmt":"2023-10-09T17:28:17","guid":{"rendered":"https:\/\/defiendase.com\/?p=3974"},"modified":"2023-10-13T07:32:31","modified_gmt":"2023-10-13T10:32:31","slug":"el-fuero-penal-vuelve-a-la-presencialidad","status":"publish","type":"post","link":"https:\/\/defiendase.com\/index.php\/el-fuero-penal-vuelve-a-la-presencialidad\/","title":{"rendered":"El fuero penal vuelve a la presencialidad"},"content":{"rendered":"\n<p>La C\u00e1mara Nacional de Apelaciones en lo Criminal y Correccional resolvi\u00f3 que todos los jueces, funcionarios y empleados del fuero vuelvan a la presencialidad plena.<\/p>\n\n\n\n<p>Desde la pandemia, muchos integrantes del fuero realizaban tareas remotas a partir de lo que en el escrito se destac\u00f3 como \u00abun perfeccionamiento de herramientas tecnol\u00f3gicas para la realizaci\u00f3n de actos procesales a distancia\u00bb.<\/p>\n\n\n\n<p>Pero desde el Colegio P\u00fablico de la abogac\u00eda hab\u00edan reclamado reiteradas veces una regulaci\u00f3n uniforme para cada fuero. Su titular, Ricardo Gil Lavedra, que en julio le hab\u00eda enviado una nota a la Corte Suprema pidiendo la vuelta al trabajo presencial, celebr\u00f3 la decisi\u00f3n y sostuvo que \u00abno puede ser que cada uno de los jueces nacionales o federales regule una modalidad de trabajo diferente\u00bb.<\/p>\n\n\n\n<p>Si bien los jueces destacaron que la modalidad virtual \u00abha contribuido a dar celeridad a los procesos, sobre todo si se tiene en cuenta que las partes pueden tomar vista de los expedientes, realizar presentaciones y participar de las audiencias de forma\u00bb, consideraron que \u00abluce pertinente la adopci\u00f3n de un criterio uniforme respecto de la concurrencia de magistrados, funcionarios y empleados a las respectivas dependencias\u00bb.<\/p>\n\n\n\n<p>Por \u00faltimo agregaron que excepcionalmente se puede autorizar el trabajo remoto cuando sea para mejorar el servicio de justicia, pero en ese caso se deber\u00e1n exponer los argumentos ante la Presidencia de la C\u00e1mara.<\/p>\n\n\n\n<p>Ahora en el Colegio P\u00fablico de la Abogac\u00eda esperan que otros fueros sigan esta misma decisi\u00f3n.<\/p>\n","protected":false},"excerpt":{"rendered":"<p>La C\u00e1mara Nacional de Apelaciones en lo Criminal y Correccional resolvi\u00f3 que todos los jueces,<\/p>\n","protected":false},"author":4,"featured_media":3998,"comment_status":"open","ping_status":"open","sticky":false,"template":"","format":"standard","meta":{"om_disable_all_campaigns":false,"_monsterinsights_skip_tracking":false,"_monsterinsights_sitenote_active":false,"_monsterinsights_sitenote_note":"","_monsterinsights_sitenote_category":0},"categories":[9],"tags":[],"aioseo_notices":[],"jetpack_featured_media_url":"https:\/\/defiendase.com\/wp-content\/uploads\/2023\/10\/camara-nacional-2.jpg","post_mailing_queue_ids":[],"_links":{"self":[{"href":"https:\/\/defiendase.com\/index.php\/wp-json\/wp\/v2\/posts\/3974"}],"collection":[{"href":"https:\/\/defiendase.com\/index.php\/wp-json\/wp\/v2\/posts"}],"about":[{"href":"https:\/\/defiendase.com\/index.php\/wp-json\/wp\/v2\/types\/post"}],"author":[{"embeddable":true,"href":"https:\/\/defiendase.com\/index.php\/wp-json\/wp\/v2\/users\/4"}],"replies":[{"embeddable":true,"href":"https:\/\/defiendase.com\/index.php\/wp-json\/wp\/v2\/comments?post=3974"}],"version-history":[{"count":2,"href":"https:\/\/defiendase.com\/index.php\/wp-json\/wp\/v2\/posts\/3974\/revisions"}],"predecessor-version":[{"id":3999,"href":"https:\/\/defiendase.com\/index.php\/wp-json\/wp\/v2\/posts\/3974\/revisions\/3999"}],"wp:featuredmedia":[{"embeddable":true,"href":"https:\/\/defiendase.com\/index.php\/wp-json\/wp\/v2\/media\/3998"}],"wp:attachment":[{"href":"https:\/\/defiendase.com\/index.php\/wp-json\/wp\/v2\/media?parent=3974"}],"wp:term":[{"taxonomy":"category","embeddable":true,"href":"https:\/\/defiendase.com\/index.php\/wp-json\/wp\/v2\/categories?post=3974"},{"taxonomy":"post_tag","embeddable":true,"href":"https:\/\/defiendase.com\/index.php\/wp-json\/wp\/v2\/tags?post=3974"}],"curies":[{"name":"wp","href":"https:\/\/api.w.org\/{rel}","templated":true}]}}