{"id":3971,"date":"2023-10-06T15:09:51","date_gmt":"2023-10-06T18:09:51","guid":{"rendered":"https:\/\/defiendase.com\/?p=3971"},"modified":"2023-10-06T15:09:53","modified_gmt":"2023-10-06T18:09:53","slug":"definen-si-la-jueza-que-entrego-la-tenencia-de-lucio-dupoy-a-su-madre-va-a-jucio-politico","status":"publish","type":"post","link":"https:\/\/defiendase.com\/index.php\/definen-si-la-jueza-que-entrego-la-tenencia-de-lucio-dupoy-a-su-madre-va-a-jucio-politico\/","title":{"rendered":"Definen si la Jueza que entreg\u00f3 la tenencia de Lucio Dupoy a su madre va a jucio pol\u00edtico"},"content":{"rendered":"\n<p>Tras la confirmaci\u00f3n de las condenas contra la madre de Lucio Dupuy y su pareja por el brutal crimen del nene de 5 a\u00f1os, la justicia de La Pampa ahora puso en la mira a la jueza Ana Clara P\u00e9rez Ballester, que le entreg\u00f3 la tenencia del chico a su mam\u00e1 sin realizar ninguna pericia y ning\u00fan examen socioambiental.<\/p>\n\n\n\n<p>Por eso se resolvi\u00f3 impulsar el juicio pol\u00edtico contra la magistrada y contra su asesora, Elisa Cat\u00e1n, que ejerc\u00edan en el juzgado de Familia, Ni\u00f1os. Ni\u00f1as y Adolescentes de General Pico. Ahora el que debe resolver es el procurador general Mario Bongianino, que en las pr\u00f3ximas horas tendr\u00e1 que decidir si corresponde dar curso a la acusaci\u00f3n contra la jueza, juzgarla y, eventualmente, separarla de su cargo.<\/p>\n\n\n\n<p>Pablo Rodr\u00edguez Salto, abogado de la jueza, rechaz\u00f3 las acusaciones que apuntan a que la magistrada no orden\u00f3 estudios sobre la madre y su pareja y sostuvo que \u00abla ley presume que los progenitores son id\u00f3neos\u00bb. Adem\u00e1s agreg\u00f3 que \u00abla causa demostr\u00f3 que no existieron abusos f\u00edsicos ni de ninguna otra \u00edndole hasta 2021 y la jueza intervino hasta noviembre de 2020\u00bb. Con esto afirm\u00f3 que \u00abno hay elementos para iniciarle juicio\u00bb a P\u00e9rez Ballester.&nbsp;<\/p>\n\n\n\n<p>Hasta fines de 2020, Lucio viv\u00eda con su t\u00eda paterna, Leticia Hidalgo, que ten\u00eda la tutela por un acuerdo entre los padres. Pero la madre quiso llev\u00e1rselo a Santa Rosa e hizo las correspondientes presentaciones en la justicia. Tras el reclamo, la jueza P\u00e9rez Ballester le otorg\u00f3 la tenencia.&nbsp;<\/p>\n\n\n\n<p>El 26 de noviembre de 2021, el nene de 5 a\u00f1os fue asesinado a golpes en la casa donde conviv\u00eda con su madre, Magdalena Esp\u00f3sito, y su pareja, Abigail P\u00e1ez. Ambas fueron condenadas a prisipon perp\u00e9tua por homicidio triplemente calificado por el v\u00ednculo, alevos\u00eda y ensa\u00f1amiento en concurso real con abuso sexual gravemente ultrajante.&nbsp;<\/p>\n","protected":false},"excerpt":{"rendered":"<p>Tras la confirmaci\u00f3n de las condenas contra la madre de Lucio Dupuy y su pareja<\/p>\n","protected":false},"author":4,"featured_media":3972,"comment_status":"open","ping_status":"open","sticky":false,"template":"","format":"standard","meta":{"om_disable_all_campaigns":false,"_monsterinsights_skip_tracking":false,"_monsterinsights_sitenote_active":false,"_monsterinsights_sitenote_note":"","_monsterinsights_sitenote_category":0},"categories":[252],"tags":[],"aioseo_notices":[],"jetpack_featured_media_url":"https:\/\/defiendase.com\/wp-content\/uploads\/2023\/10\/4E869C29-24B2-4FC2-A817-2BF98042FD71.jpeg","post_mailing_queue_ids":[],"_links":{"self":[{"href":"https:\/\/defiendase.com\/index.php\/wp-json\/wp\/v2\/posts\/3971"}],"collection":[{"href":"https:\/\/defiendase.com\/index.php\/wp-json\/wp\/v2\/posts"}],"about":[{"href":"https:\/\/defiendase.com\/index.php\/wp-json\/wp\/v2\/types\/post"}],"author":[{"embeddable":true,"href":"https:\/\/defiendase.com\/index.php\/wp-json\/wp\/v2\/users\/4"}],"replies":[{"embeddable":true,"href":"https:\/\/defiendase.com\/index.php\/wp-json\/wp\/v2\/comments?post=3971"}],"version-history":[{"count":1,"href":"https:\/\/defiendase.com\/index.php\/wp-json\/wp\/v2\/posts\/3971\/revisions"}],"predecessor-version":[{"id":3973,"href":"https:\/\/defiendase.com\/index.php\/wp-json\/wp\/v2\/posts\/3971\/revisions\/3973"}],"wp:featuredmedia":[{"embeddable":true,"href":"https:\/\/defiendase.com\/index.php\/wp-json\/wp\/v2\/media\/3972"}],"wp:attachment":[{"href":"https:\/\/defiendase.com\/index.php\/wp-json\/wp\/v2\/media?parent=3971"}],"wp:term":[{"taxonomy":"category","embeddable":true,"href":"https:\/\/defiendase.com\/index.php\/wp-json\/wp\/v2\/categories?post=3971"},{"taxonomy":"post_tag","embeddable":true,"href":"https:\/\/defiendase.com\/index.php\/wp-json\/wp\/v2\/tags?post=3971"}],"curies":[{"name":"wp","href":"https:\/\/api.w.org\/{rel}","templated":true}]}}