{"id":3968,"date":"2023-10-05T16:16:57","date_gmt":"2023-10-05T19:16:57","guid":{"rendered":"https:\/\/defiendase.com\/?p=3968"},"modified":"2023-10-05T16:17:00","modified_gmt":"2023-10-05T19:17:00","slug":"la-justicia-mando-a-un-padre-deudor-a-trabajar-mas","status":"publish","type":"post","link":"https:\/\/defiendase.com\/index.php\/la-justicia-mando-a-un-padre-deudor-a-trabajar-mas\/","title":{"rendered":"La justicia mand\u00f3 a un padre deudor a trabajar m\u00e1s"},"content":{"rendered":"\n<p>La justicia de Mor\u00f3n rechaz\u00f3 los planteos de un padre que dec\u00eda que no pod\u00eda pagar la cuota alimentaria de su hijo porque no le alcanzaban los ingresos y lo intim\u00f3 directamente a trabajar m\u00e1s.<\/p>\n\n\n\n<p>Los jueces establecieron que el aporte no puede ser inferior al 80% de lo que estipula el \u00edndice de Crianza elaborado por el Indec, que no solo contempla los alimentos sino tambi\u00e9n vivienda, ropa, asistencia m\u00e9dica, educaci\u00f3n, esparcimiento y cultura.<\/p>\n\n\n\n<p>\u00abEst\u00e1 en el campo de su responsabilidad paterna dedicar parte de sus horas libres en una medida que resulta razonable a tareas remuneradas con las cuales poder completar la cuota\u00bb, sostuvieron los jueces. Agregaron adem\u00e1s que la propuesta del demandado, que consist\u00eda en dar el 20% de su salario, era \u00abescasa\u00bb e \u00abinsuficiente\u00bb.<\/p>\n\n\n\n<p>Explicaron que ser padre implica una serie de responsabilidades que no pueden ser incumplidas cuando en realidad se tienen las herramientas para ser cubiertas y que en tiempos de crisis se deben redoblar los esfuerzos.<\/p>\n\n\n\n<p>En este sentido, consideraron que el hombre es una persona joven, con capacidad para desarrollar tareas productivas que aumenten sus ingresos para alcanzar el m\u00ednimo impuesto y que una vez que el menor cumpla 13 a\u00f1os el monto m\u00ednimo pasar\u00e1 a ser el 100% del valor del \u00cdndice de Crianza que elabora mes a mes el Indec.<\/p>\n","protected":false},"excerpt":{"rendered":"<p>La justicia de Mor\u00f3n rechaz\u00f3 los planteos de un padre que dec\u00eda que no pod\u00eda<\/p>\n","protected":false},"author":4,"featured_media":3969,"comment_status":"open","ping_status":"open","sticky":false,"template":"","format":"standard","meta":{"om_disable_all_campaigns":false,"_monsterinsights_skip_tracking":false,"_monsterinsights_sitenote_active":false,"_monsterinsights_sitenote_note":"","_monsterinsights_sitenote_category":0},"categories":[252],"tags":[],"aioseo_notices":[],"jetpack_featured_media_url":"https:\/\/defiendase.com\/wp-content\/uploads\/2023\/10\/cuota.jpeg","post_mailing_queue_ids":[],"_links":{"self":[{"href":"https:\/\/defiendase.com\/index.php\/wp-json\/wp\/v2\/posts\/3968"}],"collection":[{"href":"https:\/\/defiendase.com\/index.php\/wp-json\/wp\/v2\/posts"}],"about":[{"href":"https:\/\/defiendase.com\/index.php\/wp-json\/wp\/v2\/types\/post"}],"author":[{"embeddable":true,"href":"https:\/\/defiendase.com\/index.php\/wp-json\/wp\/v2\/users\/4"}],"replies":[{"embeddable":true,"href":"https:\/\/defiendase.com\/index.php\/wp-json\/wp\/v2\/comments?post=3968"}],"version-history":[{"count":1,"href":"https:\/\/defiendase.com\/index.php\/wp-json\/wp\/v2\/posts\/3968\/revisions"}],"predecessor-version":[{"id":3970,"href":"https:\/\/defiendase.com\/index.php\/wp-json\/wp\/v2\/posts\/3968\/revisions\/3970"}],"wp:featuredmedia":[{"embeddable":true,"href":"https:\/\/defiendase.com\/index.php\/wp-json\/wp\/v2\/media\/3969"}],"wp:attachment":[{"href":"https:\/\/defiendase.com\/index.php\/wp-json\/wp\/v2\/media?parent=3968"}],"wp:term":[{"taxonomy":"category","embeddable":true,"href":"https:\/\/defiendase.com\/index.php\/wp-json\/wp\/v2\/categories?post=3968"},{"taxonomy":"post_tag","embeddable":true,"href":"https:\/\/defiendase.com\/index.php\/wp-json\/wp\/v2\/tags?post=3968"}],"curies":[{"name":"wp","href":"https:\/\/api.w.org\/{rel}","templated":true}]}}