{"id":3905,"date":"2023-09-20T14:07:13","date_gmt":"2023-09-20T17:07:13","guid":{"rendered":"https:\/\/defiendase.com\/?p=3905"},"modified":"2023-09-20T14:15:02","modified_gmt":"2023-09-20T17:15:02","slug":"malas-noticias-para-cristina-la-corte-avalo-la-figura-del-arrepentido-en-la-causa-cuadernos","status":"publish","type":"post","link":"https:\/\/defiendase.com\/index.php\/malas-noticias-para-cristina-la-corte-avalo-la-figura-del-arrepentido-en-la-causa-cuadernos\/","title":{"rendered":"Malas noticias para Cristina: la corte aval\u00f3 la figura del arrepentido en la Causa \u201ccuadernos\u201d"},"content":{"rendered":"\n<p>La Corte Suprema aval\u00f3 la constitucionalidad de la ley del arrepentido. Fue al rechazar un recurso planteado por el exministro de&nbsp; Planificaci\u00f3n Federal Julio de Vido, que cuestionaba varios de los testimonios de la causa \u00abCuadernos\u00bb. Con esto, el m\u00e1ximo tribunal complic\u00f3 a\u00fan m\u00e1s la situaci\u00f3n de Cristina Kirchner, que est\u00e1 acusada en esa causa de ser la jefa de una asociaci\u00f3n il\u00edcita que cobraba coimas a empresarios a cambio de hacer negocios con el Estado.<\/p>\n\n\n\n<p>La ley del arrepentido fue sancionada en octubre de 2016 y establece que si el participante de un hecho delictivo declara como imputado colaborador y apunta hacia arriba en la pir\u00e1mide delictiva, puede obtener una disminuci\u00f3n de la pena, siempre y cuando sus informaciones sean verdaderas y sirvan para el avance de la investigaci\u00f3n.&nbsp; En ese sentido se detalla que \u201cser\u00e1 necesario que los datos o informaci\u00f3n aportada contribuyan a evitar o impedir el comienzo, la permanencia o consumaci\u00f3n de un delito; esclarecer el hecho objeto de investigaci\u00f3n u otros conexos o revelar la identidad o el paradero de autores, coautores, instigadores o part\u00edcipes de estos hechos investigados o de otros conexos\u201d.<\/p>\n\n\n\n<p>De Vido, que como ministro de Planificaci\u00f3n ten\u00eda a cargo la obra p\u00fablica que, seg\u00fan la causa, era la usada para cobrar las coimas, plante\u00f3 la inconstitucionalidad de la figura del arrepentido en 2018, pero el recurso fue rechazado. Entonces su defensa apel\u00f3 a la C\u00e1mara Federal y ante una nueva negativa se present\u00f3 ante Casaci\u00f3n, donde la \u00fanica jueza de los tres magistrados que vot\u00f3 a favor fue Ana Mar\u00eda Figueroa, vinculada al kirchnerismo y apartada de su cargo hace semanas por haber cumplido 75 a\u00f1os.<\/p>\n\n\n\n<p>Entonces el exministro interpuso un recurso extraordinario que lleg\u00f3 a la Corte, donde tambi\u00e9n fueron rechazados sus planteos. Esto complica a la vicepresidenta, acusada directamente por los hechos de corrupci\u00f3n que relataron los arrepentidos.<\/p>\n\n\n\n<p>La causa ya est\u00e1 elevada a juicio oral y los jueces est\u00e1n en el proceso de analizar qu\u00e9 pruebas admiten y cu\u00e1les no de las aportadas por los imputados, los querellantes y la fiscal\u00eda. Hay 159 imputados y 31 arrepentidos.&nbsp;<\/p>\n\n\n\n<p>Oscar Centeno, chofer del Ministerio de Planificaci\u00f3n, fue el primero en arrepentirse y dar cuenta a trav\u00e9s de las anotaciones de sus cuadernos de los cobros de sobornos a cambio de asignaci\u00f3n de obras p\u00fablicas. Seg\u00fan su relato, muchos de los bolsos con dinero terminaban en el departamento de la expresidenta y eran recibidos por Daniel Mu\u00f1oz, el exsecretario privado de los Kirchner que muri\u00f3 en 2016.<\/p>\n","protected":false},"excerpt":{"rendered":"<p>La Corte Suprema aval\u00f3 la constitucionalidad de la ley del arrepentido. Fue al rechazar un<\/p>\n","protected":false},"author":4,"featured_media":3906,"comment_status":"open","ping_status":"open","sticky":false,"template":"","format":"standard","meta":{"om_disable_all_campaigns":false,"_monsterinsights_skip_tracking":false,"_monsterinsights_sitenote_active":false,"_monsterinsights_sitenote_note":"","_monsterinsights_sitenote_category":0},"categories":[9],"tags":[],"aioseo_notices":[],"jetpack_featured_media_url":"https:\/\/defiendase.com\/wp-content\/uploads\/2023\/09\/Imagen-de-WhatsApp-2023-09-20-a-las-14.06.21.jpg","post_mailing_queue_ids":[],"_links":{"self":[{"href":"https:\/\/defiendase.com\/index.php\/wp-json\/wp\/v2\/posts\/3905"}],"collection":[{"href":"https:\/\/defiendase.com\/index.php\/wp-json\/wp\/v2\/posts"}],"about":[{"href":"https:\/\/defiendase.com\/index.php\/wp-json\/wp\/v2\/types\/post"}],"author":[{"embeddable":true,"href":"https:\/\/defiendase.com\/index.php\/wp-json\/wp\/v2\/users\/4"}],"replies":[{"embeddable":true,"href":"https:\/\/defiendase.com\/index.php\/wp-json\/wp\/v2\/comments?post=3905"}],"version-history":[{"count":2,"href":"https:\/\/defiendase.com\/index.php\/wp-json\/wp\/v2\/posts\/3905\/revisions"}],"predecessor-version":[{"id":3908,"href":"https:\/\/defiendase.com\/index.php\/wp-json\/wp\/v2\/posts\/3905\/revisions\/3908"}],"wp:featuredmedia":[{"embeddable":true,"href":"https:\/\/defiendase.com\/index.php\/wp-json\/wp\/v2\/media\/3906"}],"wp:attachment":[{"href":"https:\/\/defiendase.com\/index.php\/wp-json\/wp\/v2\/media?parent=3905"}],"wp:term":[{"taxonomy":"category","embeddable":true,"href":"https:\/\/defiendase.com\/index.php\/wp-json\/wp\/v2\/categories?post=3905"},{"taxonomy":"post_tag","embeddable":true,"href":"https:\/\/defiendase.com\/index.php\/wp-json\/wp\/v2\/tags?post=3905"}],"curies":[{"name":"wp","href":"https:\/\/api.w.org\/{rel}","templated":true}]}}