{"id":3902,"date":"2023-09-19T23:55:47","date_gmt":"2023-09-20T02:55:47","guid":{"rendered":"https:\/\/defiendase.com\/?p=3902"},"modified":"2023-09-19T23:55:50","modified_gmt":"2023-09-20T02:55:50","slug":"mendoza-la-justicia-le-ordeno-a-una-pareja-que-vacune-a-su-bebe-recien-nacido","status":"publish","type":"post","link":"https:\/\/defiendase.com\/index.php\/mendoza-la-justicia-le-ordeno-a-una-pareja-que-vacune-a-su-bebe-recien-nacido\/","title":{"rendered":"Mendoza: la justicia le orden\u00f3 a una pareja que vacune a su beb\u00e9 reci\u00e9n nacido"},"content":{"rendered":"\n<p>La justicia de Mendoza oblig\u00f3 a una pareja a vacunar a su beb\u00e9 reci\u00e9n nacido. El nene naci\u00f3 en la Cl\u00ednica de Cuyo y sus pap\u00e1s resolvieron posponer la vacunaci\u00f3n con argumentos difusos. Ante esta situaci\u00f3n, los m\u00e9dicos hicieron la denuncia y la jueza Rebeca Ropero orden\u00f3 que le dieran todas las dosis que figuran en el calendario oficial.<\/p>\n\n\n\n<p>En la decisi\u00f3n prim\u00f3 el derecho a la salud del ni\u00f1o. El C\u00f3digo Contravencional establece multas e incluso una condena a prisi\u00f3n a quienes no vacunen a sus hijos. Seg\u00fan el art\u00edculo 19, \u00abLos padres, tutores, curadores o guardadores que omitieren su obligaci\u00f3n de que sus hijos o menores a cargo reciban la vacunaci\u00f3n obligatoria inclu\u00edda en el calendario nacional ser\u00e1n sancionados con multa desde 200 a 800 U.F. o arresto de 5 d\u00edas o su equivalente en trabajo comunitario en centros asistenciales u hospitales p\u00fablicos para menores de edad\u00bb.<\/p>\n\n\n\n<p>Seg\u00fan el Ministerio de Salud, todas las vacunas del Calendario Nacional son obligatorias, gratuitas y se aplican en vacunatorios, centros de salud y hospitales p\u00fablicos del pa\u00eds. Incluso son consideradas un derecho que debe ser cumplido y si no se cumple, debe ser denunciado. Por eso alientan a que los profesionales de salud o los familiares que adviertan que hay padres que vulneran ese derecho de sus hijos hagan la denuncia para que los juzgados especializados intervengan.<\/p>\n\n\n\n<p>En este caso, finalmente, los padres accedieron y el beb\u00e9 fue vacunado como corresponde. Como complemento, la justicia se comprometi\u00f3 a hacer un seguimiento con profesionales y un equipo interdisciplinario para garantizar la concientizaci\u00f3n de la pareja.<\/p>\n","protected":false},"excerpt":{"rendered":"<p>La justicia de Mendoza oblig\u00f3 a una pareja a vacunar a su beb\u00e9 reci\u00e9n nacido.<\/p>\n","protected":false},"author":4,"featured_media":3903,"comment_status":"open","ping_status":"open","sticky":false,"template":"","format":"standard","meta":{"om_disable_all_campaigns":false,"_monsterinsights_skip_tracking":false,"_monsterinsights_sitenote_active":false,"_monsterinsights_sitenote_note":"","_monsterinsights_sitenote_category":0},"categories":[252],"tags":[],"aioseo_notices":[],"jetpack_featured_media_url":"https:\/\/defiendase.com\/wp-content\/uploads\/2023\/09\/image-8.png","post_mailing_queue_ids":[],"_links":{"self":[{"href":"https:\/\/defiendase.com\/index.php\/wp-json\/wp\/v2\/posts\/3902"}],"collection":[{"href":"https:\/\/defiendase.com\/index.php\/wp-json\/wp\/v2\/posts"}],"about":[{"href":"https:\/\/defiendase.com\/index.php\/wp-json\/wp\/v2\/types\/post"}],"author":[{"embeddable":true,"href":"https:\/\/defiendase.com\/index.php\/wp-json\/wp\/v2\/users\/4"}],"replies":[{"embeddable":true,"href":"https:\/\/defiendase.com\/index.php\/wp-json\/wp\/v2\/comments?post=3902"}],"version-history":[{"count":1,"href":"https:\/\/defiendase.com\/index.php\/wp-json\/wp\/v2\/posts\/3902\/revisions"}],"predecessor-version":[{"id":3904,"href":"https:\/\/defiendase.com\/index.php\/wp-json\/wp\/v2\/posts\/3902\/revisions\/3904"}],"wp:featuredmedia":[{"embeddable":true,"href":"https:\/\/defiendase.com\/index.php\/wp-json\/wp\/v2\/media\/3903"}],"wp:attachment":[{"href":"https:\/\/defiendase.com\/index.php\/wp-json\/wp\/v2\/media?parent=3902"}],"wp:term":[{"taxonomy":"category","embeddable":true,"href":"https:\/\/defiendase.com\/index.php\/wp-json\/wp\/v2\/categories?post=3902"},{"taxonomy":"post_tag","embeddable":true,"href":"https:\/\/defiendase.com\/index.php\/wp-json\/wp\/v2\/tags?post=3902"}],"curies":[{"name":"wp","href":"https:\/\/api.w.org\/{rel}","templated":true}]}}