{"id":3885,"date":"2023-09-14T10:07:26","date_gmt":"2023-09-14T13:07:26","guid":{"rendered":"https:\/\/defiendase.com\/?p=3885"},"modified":"2023-09-14T10:07:28","modified_gmt":"2023-09-14T13:07:28","slug":"alquileres-inquilinos-y-propietarios-rehenes-de-la-politica","status":"publish","type":"post","link":"https:\/\/defiendase.com\/index.php\/alquileres-inquilinos-y-propietarios-rehenes-de-la-politica\/","title":{"rendered":"Alquileres: Inquilinos y propietarios reh\u00e9nes de la pol\u00edtica"},"content":{"rendered":"\n<p>Los inquilinos y propietarios que sintieron un poco de alivio cuando el proyecto para hacer cambios a la ley de alquileres tuvo media sanci\u00f3n en Diputados ahora se agarran la cabeza. Es que en plena campa\u00f1a y con los \u00e1nimos muy encendidos, la puja pol\u00edtica se meti\u00f3 de lleno en un tema muy sensible como es el hogar de miles de familias y amenaza con hacer naufragar todas las iniciativas para mejorar la situaci\u00f3n de la gente.<\/p>\n\n\n\n<p>Ayer en comisiones del Senado el kirchnerismo le impuso modificaciones al proyecto original votado en la c\u00e1mara baja. Seg\u00fan los senadores oficialistas, los cambios que ya tienen media sanci\u00f3n benefician a los propietarios y entonces buscaron equilibrar la balanza proponiendo una nueva iniciativa.<\/p>\n\n\n\n<p>Mientras que Diputados hab\u00eda aprobado que los contratos pasen a durar 2 a\u00f1os, los ajustes sean cuatrimestrales y en base a 3 posibles \u00edndices distintos que ten\u00edan que acordar las partes, el kirchnerismo de la c\u00e1mara alta propone volver a extender el contrato a 3 a\u00f1os, establecer actualizaciones cada 6 meses y ajustar los precios de acuerdo al \u00edndice \u00abCasa Propia\u00bb que usa el MInisterio de Desarrollo Territorial para las l\u00edneas de Procrar.<\/p>\n\n\n\n<p>Esto posterg\u00f3 el debate, que reci\u00e9n se har\u00eda la semana que viene y tendr\u00eda en cuenta los dos dict\u00e1menes. Si prospera el que cre\u00f3 el oficialismo ayer, el proyecto deber\u00e1 volver a la c\u00e1mara baja, con todas las dilaciones que eso implica.<\/p>\n\n\n\n<p>Tanto las c\u00e1maras inmobiliarias como los inquilinos se\u00f1alan que el principal problema del mercado en este momento es que no hay departamentos en alquiler. Y que esa escasez es la que eleva los precios hasta volverlos impagables. En este sentido, advierten que si se mantienen los contratos de 3 a\u00f1os, los propietarios seguir\u00e1n sin ofrecer sus propiedades .<\/p>\n\n\n\n<p>Antes de que se dictara la actual ley, en la ciudad de Buenos Aires hab\u00eda unos 10.000 inmuebles en alquiler. En la actualidad hay alrededor de 300, la mayor\u00eda a precios exorbitantes y muchos de ellos en el mercado informal.<\/p>\n\n\n\n<p>Una vez m\u00e1s parece que la pol\u00edtica hace su juego, envueltos en la burbuja electoral y muy lejos de las necesidades de la gente. Mientras tanto, sigue comprometido lo m\u00e1s sensible: el techo de miles de familias.&nbsp;<\/p>\n","protected":false},"excerpt":{"rendered":"<p>Los inquilinos y propietarios que sintieron un poco de alivio cuando el proyecto para hacer<\/p>\n","protected":false},"author":4,"featured_media":3886,"comment_status":"open","ping_status":"open","sticky":false,"template":"","format":"standard","meta":{"om_disable_all_campaigns":false,"_monsterinsights_skip_tracking":false,"_monsterinsights_sitenote_active":false,"_monsterinsights_sitenote_note":"","_monsterinsights_sitenote_category":0},"categories":[251],"tags":[],"aioseo_notices":[],"jetpack_featured_media_url":"https:\/\/defiendase.com\/wp-content\/uploads\/2023\/09\/senado.jpg","post_mailing_queue_ids":[],"_links":{"self":[{"href":"https:\/\/defiendase.com\/index.php\/wp-json\/wp\/v2\/posts\/3885"}],"collection":[{"href":"https:\/\/defiendase.com\/index.php\/wp-json\/wp\/v2\/posts"}],"about":[{"href":"https:\/\/defiendase.com\/index.php\/wp-json\/wp\/v2\/types\/post"}],"author":[{"embeddable":true,"href":"https:\/\/defiendase.com\/index.php\/wp-json\/wp\/v2\/users\/4"}],"replies":[{"embeddable":true,"href":"https:\/\/defiendase.com\/index.php\/wp-json\/wp\/v2\/comments?post=3885"}],"version-history":[{"count":1,"href":"https:\/\/defiendase.com\/index.php\/wp-json\/wp\/v2\/posts\/3885\/revisions"}],"predecessor-version":[{"id":3887,"href":"https:\/\/defiendase.com\/index.php\/wp-json\/wp\/v2\/posts\/3885\/revisions\/3887"}],"wp:featuredmedia":[{"embeddable":true,"href":"https:\/\/defiendase.com\/index.php\/wp-json\/wp\/v2\/media\/3886"}],"wp:attachment":[{"href":"https:\/\/defiendase.com\/index.php\/wp-json\/wp\/v2\/media?parent=3885"}],"wp:term":[{"taxonomy":"category","embeddable":true,"href":"https:\/\/defiendase.com\/index.php\/wp-json\/wp\/v2\/categories?post=3885"},{"taxonomy":"post_tag","embeddable":true,"href":"https:\/\/defiendase.com\/index.php\/wp-json\/wp\/v2\/tags?post=3885"}],"curies":[{"name":"wp","href":"https:\/\/api.w.org\/{rel}","templated":true}]}}