{"id":3867,"date":"2023-09-11T09:44:09","date_gmt":"2023-09-11T12:44:09","guid":{"rendered":"https:\/\/defiendase.com\/?p=3867"},"modified":"2023-09-11T09:44:12","modified_gmt":"2023-09-11T12:44:12","slug":"bullying-entre-ninos-adultos-responsables-fuerte-llamado-de-atencion-de-la-justicia","status":"publish","type":"post","link":"https:\/\/defiendase.com\/index.php\/bullying-entre-ninos-adultos-responsables-fuerte-llamado-de-atencion-de-la-justicia\/","title":{"rendered":"Bullying entre ni\u00f1os, adultos responsables: fuerte llamado de atenci\u00f3n de la justicia"},"content":{"rendered":"\n<p>Un caso de bullying termin\u00f3 en una denuncia penal en la que la justicia de C\u00f3rdoba dio como acreditada la responsabilidad de 4 ni\u00f1as de 12 a\u00f1os que hostigaban, agred\u00edan y amenazaban a una compa\u00f1era de colegio.<\/p>\n\n\n\n<p>El juzgado tuvo que intervenir y constatar los ataques porque trascendieron las fronteras del colegio y la v\u00edctima se present\u00f3 ante la justicia para demandarlos. Por esta raz\u00f3n la jueza interviniente inst\u00f3 a los padres a dialogar con sus hijas para promover una convivencia escolar arm\u00f3nica. \u201cEsta posible configuraci\u00f3n de un delito que excede lo dom\u00e9stico y el \u00e1mbito escolar debe llevar a la reflexi\u00f3n, despertar una alarma o un llamado de atenci\u00f3n para los progenitores de las involucradas\u201d, sostuvo<\/p>\n\n\n\n<p>Seg\u00fan el expediente, las chicas agred\u00edan f\u00edsica y verbalmente a su compa\u00f1era y llegaron a amenazarla con una tijera en el cuello, dici\u00e9ndole que iban a lastimar a su hermana de 3 a\u00f1os si contaba sobre los hostigamientos.<\/p>\n\n\n\n<p>Como se trata de menores, las amenazas y los ataques f\u00edsicos no pueden ser punibles. Sin embargo, la jueza interviniente consider\u00f3 que la gravedad de la situaci\u00f3n ameritaba su mediaci\u00f3n. \u201cEste tipo de violencia es relevante porque afecta negativamente a la v\u00edctima disminuyendo su autoestima y confianza, lo que puede llevar a estados de ansiedad, depresi\u00f3n, autoagresi\u00f3n e incluso suicidio\u201d, expres\u00f3. Y advirti\u00f3 que \u201cel silencio de las v\u00edctimas y de los testigos, cuando no de los propios centros educativos, contribuye al desconocimiento de la magnitud del problema\u201d. Por \u00faltimo, concluy\u00f3 que \u201cabordar esta compleja situaci\u00f3n en su justa&nbsp; dimensi\u00f3n, sin minimizarla, es una responsabilidad de toda la comunidad educativa\u201d.<\/p>\n\n\n\n<p>Por esta raz\u00f3n, inst\u00f3 a las autoridades del colegio y a los adultos responsables de las alumnas a promover reflexiones sobre la manera de relacionarse, a alentar a las j\u00f3venes a ponerse en el lugar del otro, generar empat\u00eda y meditar sobre las bases de una convivencia sana que respete las diferencias y excluya las agresiones.<\/p>\n","protected":false},"excerpt":{"rendered":"<p>Un caso de bullying termin\u00f3 en una denuncia penal en la que la justicia de<\/p>\n","protected":false},"author":4,"featured_media":3868,"comment_status":"open","ping_status":"open","sticky":false,"template":"","format":"standard","meta":{"om_disable_all_campaigns":false,"_monsterinsights_skip_tracking":false,"_monsterinsights_sitenote_active":false,"_monsterinsights_sitenote_note":"","_monsterinsights_sitenote_category":0},"categories":[9],"tags":[],"aioseo_notices":[],"jetpack_featured_media_url":"https:\/\/defiendase.com\/wp-content\/uploads\/2023\/09\/image-5.png","post_mailing_queue_ids":[],"_links":{"self":[{"href":"https:\/\/defiendase.com\/index.php\/wp-json\/wp\/v2\/posts\/3867"}],"collection":[{"href":"https:\/\/defiendase.com\/index.php\/wp-json\/wp\/v2\/posts"}],"about":[{"href":"https:\/\/defiendase.com\/index.php\/wp-json\/wp\/v2\/types\/post"}],"author":[{"embeddable":true,"href":"https:\/\/defiendase.com\/index.php\/wp-json\/wp\/v2\/users\/4"}],"replies":[{"embeddable":true,"href":"https:\/\/defiendase.com\/index.php\/wp-json\/wp\/v2\/comments?post=3867"}],"version-history":[{"count":1,"href":"https:\/\/defiendase.com\/index.php\/wp-json\/wp\/v2\/posts\/3867\/revisions"}],"predecessor-version":[{"id":3869,"href":"https:\/\/defiendase.com\/index.php\/wp-json\/wp\/v2\/posts\/3867\/revisions\/3869"}],"wp:featuredmedia":[{"embeddable":true,"href":"https:\/\/defiendase.com\/index.php\/wp-json\/wp\/v2\/media\/3868"}],"wp:attachment":[{"href":"https:\/\/defiendase.com\/index.php\/wp-json\/wp\/v2\/media?parent=3867"}],"wp:term":[{"taxonomy":"category","embeddable":true,"href":"https:\/\/defiendase.com\/index.php\/wp-json\/wp\/v2\/categories?post=3867"},{"taxonomy":"post_tag","embeddable":true,"href":"https:\/\/defiendase.com\/index.php\/wp-json\/wp\/v2\/tags?post=3867"}],"curies":[{"name":"wp","href":"https:\/\/api.w.org\/{rel}","templated":true}]}}