{"id":3858,"date":"2023-09-08T16:16:00","date_gmt":"2023-09-08T19:16:00","guid":{"rendered":"https:\/\/defiendase.com\/?p=3858"},"modified":"2023-09-08T16:16:03","modified_gmt":"2023-09-08T19:16:03","slug":"el-gobierno-rechaza-mandar-fondos-a-la-corte-para-cubrir-aumentos-salariales","status":"publish","type":"post","link":"https:\/\/defiendase.com\/index.php\/el-gobierno-rechaza-mandar-fondos-a-la-corte-para-cubrir-aumentos-salariales\/","title":{"rendered":"El gobierno rechaza mandar fondos a la corte para cubrir aumentos salariales"},"content":{"rendered":"\n<p>Se tensa la relaci\u00f3n del Gobierno y la Corte Suprema. Horas despu\u00e9s de que el m\u00e1ximo Tribunal ordenara el desplazamiento de la camarista Ana Mar\u00eda Figueroa, una jueza considerada clave para el kirchnerismo, el jefe de Gabinete Agust\u00edn Rossi rechaz\u00f3 girarle m\u00e1s fondos a la Corte para pagar aumentos salariales.<\/p>\n\n\n\n<p>La Corte Suprema le hab\u00eda mandado una nota al Ejecutivo para reclamar dinero para cubrir los reajustes de los empleados judiciales. Sin embargo, la respuesta lleg\u00f3, fr\u00eda y dura, con un contundente rechazo: \u201cLa buena administraci\u00f3n indica que la jurisdicci\u00f3n debe solventarse con sus propios recursos, definiendo aumentos salariales acordes a la estimaci\u00f3n de recursos correspondiente\u201d. En palabras criollas, el Gobierno le dijo a la Corte que se arregle con lo que tiene. Y para eso la autoriz\u00f3 a modificar su presupuesto.&nbsp;<\/p>\n\n\n\n<p>El aumento salarial previsto es del 6,5% a partir del 1 de julio para todas las categor\u00edas del Poder Judicial y seg\u00fan los funcionarios de tribunales, la demora del ejecutivo -o el rechazo en caso de que se efectivice- amenaza el normal funcionamiento del servicio de Justicia. Incluso el mi\u00e9rcoles pasado hubo un paro de trabajadores que amenazaron con profundizar las medidas de fuerza.<\/p>\n\n\n\n<p>Por esta raz\u00f3n en tribunales algunos especulan con que la Corte puede llegar a denunciar al jefe de Gabinete Agust\u00edn Rossi por incumplimiento de deberes de funcionario p\u00fablico.<\/p>\n\n\n\n<p>En el medio, el kirchnerismo duro le pidi\u00f3 al Gobierno que no mande esos fondos y que los destine a asistencia social. Juan Grabois public\u00f3 un tuit en el que dice: \u201cComo militante de UxP y exprecandidato le pido al gobierno que no env\u00ede un centavo para aumentar los multimillonarios sueldos de jueces y fiscales y en cambio se aplique urgente el refuerzo de ingresos comprometido con los trabajadores informales\u201d.<\/p>\n\n\n\n<p>Los cuatro jueces de la Corte insisten en que esta situaci\u00f3n compromete la independencia del Poder Judicial. Desde el Gobierno dicen que el m\u00e1ximo Tribunal tiene un super\u00e1vit de m\u00e1s de 55 mil millones de pesos. La tensi\u00f3n va en aumento y ya nadie la disimula.<\/p>\n","protected":false},"excerpt":{"rendered":"<p>Se tensa la relaci\u00f3n del Gobierno y la Corte Suprema. Horas despu\u00e9s de que el<\/p>\n","protected":false},"author":4,"featured_media":3860,"comment_status":"open","ping_status":"open","sticky":false,"template":"","format":"standard","meta":{"om_disable_all_campaigns":false,"_monsterinsights_skip_tracking":false,"_monsterinsights_sitenote_active":false,"_monsterinsights_sitenote_note":"","_monsterinsights_sitenote_category":0},"categories":[18],"tags":[],"aioseo_notices":[],"jetpack_featured_media_url":"https:\/\/defiendase.com\/wp-content\/uploads\/2023\/09\/image-4.png","post_mailing_queue_ids":[],"_links":{"self":[{"href":"https:\/\/defiendase.com\/index.php\/wp-json\/wp\/v2\/posts\/3858"}],"collection":[{"href":"https:\/\/defiendase.com\/index.php\/wp-json\/wp\/v2\/posts"}],"about":[{"href":"https:\/\/defiendase.com\/index.php\/wp-json\/wp\/v2\/types\/post"}],"author":[{"embeddable":true,"href":"https:\/\/defiendase.com\/index.php\/wp-json\/wp\/v2\/users\/4"}],"replies":[{"embeddable":true,"href":"https:\/\/defiendase.com\/index.php\/wp-json\/wp\/v2\/comments?post=3858"}],"version-history":[{"count":1,"href":"https:\/\/defiendase.com\/index.php\/wp-json\/wp\/v2\/posts\/3858\/revisions"}],"predecessor-version":[{"id":3861,"href":"https:\/\/defiendase.com\/index.php\/wp-json\/wp\/v2\/posts\/3858\/revisions\/3861"}],"wp:featuredmedia":[{"embeddable":true,"href":"https:\/\/defiendase.com\/index.php\/wp-json\/wp\/v2\/media\/3860"}],"wp:attachment":[{"href":"https:\/\/defiendase.com\/index.php\/wp-json\/wp\/v2\/media?parent=3858"}],"wp:term":[{"taxonomy":"category","embeddable":true,"href":"https:\/\/defiendase.com\/index.php\/wp-json\/wp\/v2\/categories?post=3858"},{"taxonomy":"post_tag","embeddable":true,"href":"https:\/\/defiendase.com\/index.php\/wp-json\/wp\/v2\/tags?post=3858"}],"curies":[{"name":"wp","href":"https:\/\/api.w.org\/{rel}","templated":true}]}}