{"id":3817,"date":"2023-08-30T15:37:59","date_gmt":"2023-08-30T18:37:59","guid":{"rendered":"https:\/\/defiendase.com\/?p=3817"},"modified":"2023-08-30T15:38:01","modified_gmt":"2023-08-30T18:38:01","slug":"la-justicia-electoral-definio-como-se-va-a-votar-en-octubre-en-la-ciudad","status":"publish","type":"post","link":"https:\/\/defiendase.com\/index.php\/la-justicia-electoral-definio-como-se-va-a-votar-en-octubre-en-la-ciudad\/","title":{"rendered":"La justicia electoral defini\u00f3 como se va a votar en octubre en la Ciudad"},"content":{"rendered":"\n<p><br>Est\u00e1 decidido. En octubre los porte\u00f1os volver\u00e1n a votar en una sola urna y con boleta de papel.&nbsp;<\/p>\n\n\n\n<p>Despu\u00e9s del esc\u00e1ndalo por las demoras y las denuncias en torno a la boleta electr\u00f3nica, la C\u00e1mara Nacional Electoral resolvi\u00f3 dar por concluida la experiencia del voto electr\u00f3nico y regresar a la vieja modalidad.<\/p>\n\n\n\n<p>El 22 de octubre habr\u00e1 elecciones simult\u00e1neas y no concurrentes como en las PASO. Las listas para las categor\u00edas nacionales &nbsp;(presidente, vice y diputados) estar\u00e1n por un lado y las de las autoridades porte\u00f1as (jefe de gobierno y vice, legisladores y comuneros) por el otro. Sin embargo el elector tendr\u00e1 que poner ambas boletas en un mismo sobre y depositarlas en una urna \u00fanica y no como en las primarias, donde se usaron dos.<\/p>\n\n\n\n<p>Para llegar a este acuerdo hubo una reuni\u00f3n de la que participaron Alberto Dalla V\u00eda, Santiago Corcuera y Daniel Bejas, de la C\u00e1mara Electoral, la jueza federal Mar\u00eda Servini de Cubr\u00eda, Jorge Mor\u00e1n, presidente de la C\u00e1mara Nacional de Apelaciones en lo Contencioso Administrativo Federal, Sebasti\u00e1n Picasso, titular de la C\u00e1mara de Apelaciones en lo Civil, In\u00e9s Weinberg y Luis Francisco Lozano, del Tribunal Superior de Justicia de CABA, Roberto Requejo, del Tribunal Electoral de CABA y Felipe Miguel, jefe de gabinete porte\u00f1o.<\/p>\n\n\n\n<p>El gobierno porte\u00f1o, que hab\u00eda impulsado el voto electr\u00f3nico, avis\u00f3 en los \u00faltimos d\u00edas que estaba trabajando en un nuevo sistema, que finalmente va a ser el de siempre. Esto fue a partir de las cr\u00edticas de la jueza Servini de Cubr\u00eda que habl\u00f3 de \u00abimprovisaci\u00f3n preocupante\u00bb y de \u00abuna impericia nunca antes vista\u00bb para advertir que seguir con el sistema electr\u00f3nico en octubre iba a ser \u00abuna burla\u00bb a los votantes.<\/p>\n","protected":false},"excerpt":{"rendered":"<p>Est\u00e1 decidido. En octubre los porte\u00f1os volver\u00e1n a votar en una sola urna y con<\/p>\n","protected":false},"author":4,"featured_media":3818,"comment_status":"open","ping_status":"open","sticky":false,"template":"","format":"standard","meta":{"om_disable_all_campaigns":false,"_monsterinsights_skip_tracking":false,"_monsterinsights_sitenote_active":false,"_monsterinsights_sitenote_note":"","_monsterinsights_sitenote_category":0},"categories":[1],"tags":[],"aioseo_notices":[],"jetpack_featured_media_url":"https:\/\/defiendase.com\/wp-content\/uploads\/2023\/08\/IMG_7089.webp","post_mailing_queue_ids":[],"_links":{"self":[{"href":"https:\/\/defiendase.com\/index.php\/wp-json\/wp\/v2\/posts\/3817"}],"collection":[{"href":"https:\/\/defiendase.com\/index.php\/wp-json\/wp\/v2\/posts"}],"about":[{"href":"https:\/\/defiendase.com\/index.php\/wp-json\/wp\/v2\/types\/post"}],"author":[{"embeddable":true,"href":"https:\/\/defiendase.com\/index.php\/wp-json\/wp\/v2\/users\/4"}],"replies":[{"embeddable":true,"href":"https:\/\/defiendase.com\/index.php\/wp-json\/wp\/v2\/comments?post=3817"}],"version-history":[{"count":1,"href":"https:\/\/defiendase.com\/index.php\/wp-json\/wp\/v2\/posts\/3817\/revisions"}],"predecessor-version":[{"id":3819,"href":"https:\/\/defiendase.com\/index.php\/wp-json\/wp\/v2\/posts\/3817\/revisions\/3819"}],"wp:featuredmedia":[{"embeddable":true,"href":"https:\/\/defiendase.com\/index.php\/wp-json\/wp\/v2\/media\/3818"}],"wp:attachment":[{"href":"https:\/\/defiendase.com\/index.php\/wp-json\/wp\/v2\/media?parent=3817"}],"wp:term":[{"taxonomy":"category","embeddable":true,"href":"https:\/\/defiendase.com\/index.php\/wp-json\/wp\/v2\/categories?post=3817"},{"taxonomy":"post_tag","embeddable":true,"href":"https:\/\/defiendase.com\/index.php\/wp-json\/wp\/v2\/tags?post=3817"}],"curies":[{"name":"wp","href":"https:\/\/api.w.org\/{rel}","templated":true}]}}