{"id":3770,"date":"2023-08-16T15:31:23","date_gmt":"2023-08-16T18:31:23","guid":{"rendered":"https:\/\/defiendase.com\/?p=3770"},"modified":"2023-08-16T15:31:24","modified_gmt":"2023-08-16T18:31:24","slug":"el-gobierno-presiona-para-que-no-jubilen-a-la-jueza-figueroa","status":"publish","type":"post","link":"https:\/\/defiendase.com\/index.php\/el-gobierno-presiona-para-que-no-jubilen-a-la-jueza-figueroa\/","title":{"rendered":"El gobierno presiona para que no jubilen a la jueza Figueroa"},"content":{"rendered":"\n<p>El Gobierno Nacional hizo gestiones ante el Consejo de la Magistratura para que no jubile a la jueza Ana Mar\u00eda Figueroa, considerada clave para definir la suerte de Cristina Kirchner en la causa Hotesur Los Sauces.<\/p>\n\n\n\n<p>El viceministro de Justicia Juan Mart\u00edn Mena le mand\u00f3 una carta al presidente de la Corte, que tambi\u00e9n es el titular del Consejo, Horaco Rosatti, en la que le pide que deje en su cargo a la magistrada frente a la C\u00e1mara Federal de Casaci\u00f3n Penal pese a que ya cumpli\u00f3 75 a\u00f1os y, seg\u00fan la Constituci\u00f3n, debe jubilarse.<\/p>\n\n\n\n<p>Para presionar al Consejo, Mena enumer\u00f3 otros casos de jueces que permanecieron en sus cargos m\u00e1s all\u00e1 del l\u00edmite de la edad para jubilarse y busc\u00f3 as\u00ed blindar a Figueroa, que ya dio muestras de afinidad al kirchnerismo en varias oportunidades y adscribe a la idea del lawfare que denuncia cada vez que puede la vicepresidenta. Cabe destacar que la C\u00e1mara que preside Figueroa tiene que pronunciarse sobre el sobreseimiento de la vicepresidenta y sus hijos en la causa por lavado de dinero.&nbsp;<\/p>\n\n\n\n<p>El pliego de la jueza fue enviado al Senado por el propio presidente Alberto Fern\u00e1ndez y obtuvo aprobaci\u00f3n en la Comisi\u00f3n de Acuerdos, pero no pudo ser tratado en el recinto porque en dos oportunidades el oficialismo no logr\u00f3 reunir el qu\u00f3rum. La magistrada ya anticip\u00f3 que resistir\u00e1 en su cargo hasta que el Congreso defina su continuidad pero que por ahora no firmar\u00e1 sentencias.<\/p>\n\n\n\n<p>Una vez m\u00e1s el Gobierno se ve movilizado para defender cuestiones personales de la vicepresidenta, en una pulseada que va en paralelo a la carrera electoral, pero que le interesa puntualmente a Cristina porque pone en juego su futuro judicial.<\/p>\n\n\n\n<figure class=\"wp-block-image\"><img src=\"blob:https:\/\/defiendase.com\/f5d49219-edc6-4fb1-994a-6c9e2ec3511c\" alt=\"\"\/><\/figure>\n","protected":false},"excerpt":{"rendered":"<p>El Gobierno Nacional hizo gestiones ante el Consejo de la Magistratura para que no jubile<\/p>\n","protected":false},"author":4,"featured_media":3771,"comment_status":"open","ping_status":"open","sticky":false,"template":"","format":"standard","meta":{"om_disable_all_campaigns":false,"_monsterinsights_skip_tracking":false,"_monsterinsights_sitenote_active":false,"_monsterinsights_sitenote_note":"","_monsterinsights_sitenote_category":0},"categories":[18],"tags":[],"aioseo_notices":[],"jetpack_featured_media_url":"https:\/\/defiendase.com\/wp-content\/uploads\/2023\/08\/figueroa.jpg","post_mailing_queue_ids":[],"_links":{"self":[{"href":"https:\/\/defiendase.com\/index.php\/wp-json\/wp\/v2\/posts\/3770"}],"collection":[{"href":"https:\/\/defiendase.com\/index.php\/wp-json\/wp\/v2\/posts"}],"about":[{"href":"https:\/\/defiendase.com\/index.php\/wp-json\/wp\/v2\/types\/post"}],"author":[{"embeddable":true,"href":"https:\/\/defiendase.com\/index.php\/wp-json\/wp\/v2\/users\/4"}],"replies":[{"embeddable":true,"href":"https:\/\/defiendase.com\/index.php\/wp-json\/wp\/v2\/comments?post=3770"}],"version-history":[{"count":2,"href":"https:\/\/defiendase.com\/index.php\/wp-json\/wp\/v2\/posts\/3770\/revisions"}],"predecessor-version":[{"id":3774,"href":"https:\/\/defiendase.com\/index.php\/wp-json\/wp\/v2\/posts\/3770\/revisions\/3774"}],"wp:featuredmedia":[{"embeddable":true,"href":"https:\/\/defiendase.com\/index.php\/wp-json\/wp\/v2\/media\/3771"}],"wp:attachment":[{"href":"https:\/\/defiendase.com\/index.php\/wp-json\/wp\/v2\/media?parent=3770"}],"wp:term":[{"taxonomy":"category","embeddable":true,"href":"https:\/\/defiendase.com\/index.php\/wp-json\/wp\/v2\/categories?post=3770"},{"taxonomy":"post_tag","embeddable":true,"href":"https:\/\/defiendase.com\/index.php\/wp-json\/wp\/v2\/tags?post=3770"}],"curies":[{"name":"wp","href":"https:\/\/api.w.org\/{rel}","templated":true}]}}