{"id":3759,"date":"2023-08-15T10:00:30","date_gmt":"2023-08-15T13:00:30","guid":{"rendered":"https:\/\/defiendase.com\/?p=3759"},"modified":"2023-08-15T10:00:32","modified_gmt":"2023-08-15T13:00:32","slug":"inseguridad-rumbo-al-trabajo-causal-de-muerte-e-indemnizacion","status":"publish","type":"post","link":"https:\/\/defiendase.com\/index.php\/inseguridad-rumbo-al-trabajo-causal-de-muerte-e-indemnizacion\/","title":{"rendered":"Inseguridad rumbo al trabajo: Causal de muerte e indemnizaci\u00f3n"},"content":{"rendered":"\n<p>La Justicia conden\u00f3 a una ART a pagar 476.745 pesos m\u00e1s intereses a la viuda de un hombre que muri\u00f3 de un infarto un mes despu\u00e9s de haber sido asaltado mientras iba a su trabajo.<\/p>\n\n\n\n<p>En primera instancia, los jueces hab\u00edan rechazado el reclamo porque las pericias no pod\u00edan determinar el v\u00ednculo entre el paro cardiorrespiratorio y el robo y argumentaron que adem\u00e1s el hombre padec\u00eda una diabetes severa. &nbsp; Sin embargo, la Sala VIII de la C\u00e1mara Nacional de Apelaciones del Trabajo revoc\u00f3 ese fallo &nbsp;y estableci\u00f3 una relaci\u00f3n causal entre el hecho de inseguridad que vivi\u00f3 el hombre y el posterior infarto.&nbsp;<\/p>\n\n\n\n<p>\u00abNos encontramos ante un accidente in itinere en el cual el trabajador fue atacado con intenci\u00f3n de robo y, en tal evento, result\u00f3 con dos heridas cortantes, una en el abdomen y otra en el gl\u00fateo\u00bb, afirm\u00f3 el Doctor V\u00edctor Pesino, uno de los jueces. \u00abNo puede negarse que el grave evento sufrido en el cual pudo ciertamente temer por su vida, tiene que haber desencadenado un estr\u00e9s muy grande\u00bb, sigui\u00f3. \u00abDe ah\u00ed en m\u00e1s, el desencadenamiento de una afecci\u00f3n coronaria no era algo imprevisible\u00bb, concluy\u00f3.&nbsp;<\/p>\n\n\n\n<p>La C\u00e1mara agreg\u00f3 tambi\u00e9n que la muerte podr\u00eda haberse evitado si la v\u00edctima se hubiera realizado estudios m\u00e9dicos y hubiera tomado medicaci\u00f3n: \u00abCabe recordar que la obligaci\u00f3n de las ART es siempre, en primer t\u00e9rmino, la prevenci\u00f3n y si no se puede evitar el da\u00f1o, reparar los da\u00f1os derivados de accidentes de trabajo y de enfermedades profesionales\u00bb, concluyeron los jueces.<\/p>\n","protected":false},"excerpt":{"rendered":"<p>La Justicia conden\u00f3 a una ART a pagar 476.745 pesos m\u00e1s intereses a la viuda<\/p>\n","protected":false},"author":4,"featured_media":3760,"comment_status":"open","ping_status":"open","sticky":false,"template":"","format":"standard","meta":{"om_disable_all_campaigns":false,"_monsterinsights_skip_tracking":false,"_monsterinsights_sitenote_active":false,"_monsterinsights_sitenote_note":"","_monsterinsights_sitenote_category":0},"categories":[8],"tags":[],"aioseo_notices":[],"jetpack_featured_media_url":"https:\/\/defiendase.com\/wp-content\/uploads\/2023\/08\/IMG_6252.jpeg","post_mailing_queue_ids":[],"_links":{"self":[{"href":"https:\/\/defiendase.com\/index.php\/wp-json\/wp\/v2\/posts\/3759"}],"collection":[{"href":"https:\/\/defiendase.com\/index.php\/wp-json\/wp\/v2\/posts"}],"about":[{"href":"https:\/\/defiendase.com\/index.php\/wp-json\/wp\/v2\/types\/post"}],"author":[{"embeddable":true,"href":"https:\/\/defiendase.com\/index.php\/wp-json\/wp\/v2\/users\/4"}],"replies":[{"embeddable":true,"href":"https:\/\/defiendase.com\/index.php\/wp-json\/wp\/v2\/comments?post=3759"}],"version-history":[{"count":1,"href":"https:\/\/defiendase.com\/index.php\/wp-json\/wp\/v2\/posts\/3759\/revisions"}],"predecessor-version":[{"id":3761,"href":"https:\/\/defiendase.com\/index.php\/wp-json\/wp\/v2\/posts\/3759\/revisions\/3761"}],"wp:featuredmedia":[{"embeddable":true,"href":"https:\/\/defiendase.com\/index.php\/wp-json\/wp\/v2\/media\/3760"}],"wp:attachment":[{"href":"https:\/\/defiendase.com\/index.php\/wp-json\/wp\/v2\/media?parent=3759"}],"wp:term":[{"taxonomy":"category","embeddable":true,"href":"https:\/\/defiendase.com\/index.php\/wp-json\/wp\/v2\/categories?post=3759"},{"taxonomy":"post_tag","embeddable":true,"href":"https:\/\/defiendase.com\/index.php\/wp-json\/wp\/v2\/tags?post=3759"}],"curies":[{"name":"wp","href":"https:\/\/api.w.org\/{rel}","templated":true}]}}