{"id":3746,"date":"2023-08-08T12:28:59","date_gmt":"2023-08-08T15:28:59","guid":{"rendered":"https:\/\/defiendase.com\/?p=3746"},"modified":"2023-08-08T12:52:34","modified_gmt":"2023-08-08T15:52:34","slug":"el-colegio-de-abogados-pide-la-vuelta-a-la-presencialidad-plena-en-todos-los-juzgados","status":"publish","type":"post","link":"https:\/\/defiendase.com\/index.php\/el-colegio-de-abogados-pide-la-vuelta-a-la-presencialidad-plena-en-todos-los-juzgados\/","title":{"rendered":"El Colegio de Abogados pide la vuelta a la presencialidad plena en todos los juzgados"},"content":{"rendered":"\n<p>El Colegio P\u00fablico de la Abogac\u00eda de la Capital Federal le pidi\u00f3 a la Corte Suprema que vuelva la actividad presencial plena en el Poder Judicial.<\/p>\n\n\n\n<p>El reclamo se hizo mediante una nota firmada por el Presidente del Colegio, Ricardo Gil Lavedra, que exigi\u00f3 que \u00abse arbitren los medios necesarios para normalizar la actividad presencial en los \u00f3rganos judiciales\u00bb.<\/p>\n\n\n\n<p>A trav\u00e9s de la Acordada 24\/21, la Corte hab\u00eda dispuesto en octubre de 2021 el regreso de la presencialidad de jueces, funcionarios y empleados judiciales que desde marzo de 2020 hac\u00edan tareas remotas. Sin embargo, el m\u00e1ximo tribunal dej\u00f3 librada a la decisi\u00f3n de cada C\u00e1mara la reglamentaci\u00f3n de ese retorno. El resultado fue que la vuelta al trabajo presencial tuvo una aplicaci\u00f3n dispar y cada juzgado empez\u00f3 a tener un protocolo de atenci\u00f3n diferente, generando lo que Gil Lavedra consider\u00f3 como \u00abserios obst\u00e1culos para el ejercicio de la profesi\u00f3n de la abogac\u00eda\u00bb.<\/p>\n\n\n\n<p>Pasada la pandemia y con el actual esquema de vacunaci\u00f3n, el presidente del Colegio de Abogados porte\u00f1o sostuvo que \u00abno existe justificativo alguno para no cumplir con la presencialidad plena como lo ha dispuesto ya la Corte Suprema\u00bb y se\u00f1al\u00f3 que&nbsp; \u00absi bien se han modernizado los medios t\u00e9cnicos, el ejercicio de la profesi\u00f3n requiere en muchas oportunidades el contacto con funcionarios o empleados que est\u00e1n a cargo de la compulsa de las causas\u201d Para cerrar agreg\u00f3 que \u201cobviar ello es no conocer c\u00f3mo se ejerce diariamente la profesi\u00f3n\u00bb.<\/p>\n","protected":false},"excerpt":{"rendered":"<p>El Colegio P\u00fablico de la Abogac\u00eda de la Capital Federal le pidi\u00f3 a la Corte<\/p>\n","protected":false},"author":4,"featured_media":3747,"comment_status":"open","ping_status":"open","sticky":false,"template":"","format":"standard","meta":{"om_disable_all_campaigns":false,"_monsterinsights_skip_tracking":false,"_monsterinsights_sitenote_active":false,"_monsterinsights_sitenote_note":"","_monsterinsights_sitenote_category":0},"categories":[18],"tags":[],"aioseo_notices":[],"jetpack_featured_media_url":"https:\/\/defiendase.com\/wp-content\/uploads\/2023\/08\/4a51785978c29a3f84ac0e5e7bcb03cde163290d.jpg","post_mailing_queue_ids":[],"_links":{"self":[{"href":"https:\/\/defiendase.com\/index.php\/wp-json\/wp\/v2\/posts\/3746"}],"collection":[{"href":"https:\/\/defiendase.com\/index.php\/wp-json\/wp\/v2\/posts"}],"about":[{"href":"https:\/\/defiendase.com\/index.php\/wp-json\/wp\/v2\/types\/post"}],"author":[{"embeddable":true,"href":"https:\/\/defiendase.com\/index.php\/wp-json\/wp\/v2\/users\/4"}],"replies":[{"embeddable":true,"href":"https:\/\/defiendase.com\/index.php\/wp-json\/wp\/v2\/comments?post=3746"}],"version-history":[{"count":1,"href":"https:\/\/defiendase.com\/index.php\/wp-json\/wp\/v2\/posts\/3746\/revisions"}],"predecessor-version":[{"id":3748,"href":"https:\/\/defiendase.com\/index.php\/wp-json\/wp\/v2\/posts\/3746\/revisions\/3748"}],"wp:featuredmedia":[{"embeddable":true,"href":"https:\/\/defiendase.com\/index.php\/wp-json\/wp\/v2\/media\/3747"}],"wp:attachment":[{"href":"https:\/\/defiendase.com\/index.php\/wp-json\/wp\/v2\/media?parent=3746"}],"wp:term":[{"taxonomy":"category","embeddable":true,"href":"https:\/\/defiendase.com\/index.php\/wp-json\/wp\/v2\/categories?post=3746"},{"taxonomy":"post_tag","embeddable":true,"href":"https:\/\/defiendase.com\/index.php\/wp-json\/wp\/v2\/tags?post=3746"}],"curies":[{"name":"wp","href":"https:\/\/api.w.org\/{rel}","templated":true}]}}