{"id":3678,"date":"2023-07-21T11:45:28","date_gmt":"2023-07-21T14:45:28","guid":{"rendered":"https:\/\/defiendase.com\/?p=3678"},"modified":"2023-07-21T11:45:31","modified_gmt":"2023-07-21T14:45:31","slug":"la-justicia-rechazo-el-reclamo-de-una-nieta-contra-su-abuela-por-alimentos-pero-beneficio-a-su-hermana-menor","status":"publish","type":"post","link":"https:\/\/defiendase.com\/index.php\/la-justicia-rechazo-el-reclamo-de-una-nieta-contra-su-abuela-por-alimentos-pero-beneficio-a-su-hermana-menor\/","title":{"rendered":"La Justicia rechaz\u00f3 el reclamo de una nieta contra su abuela por alimentos pero benefici\u00f3 a su hermana menor"},"content":{"rendered":"\n<p>Una chica de 21 a\u00f1os demand\u00f3 a su abuela por alimentos al no tener respuesta de su padre, que deb\u00eda hacerse cargo de su manutenci\u00f3n y la de su hermana de 13. En principio, la Justicia le concedi\u00f3 un fallo a favor, pero despu\u00e9s lo revirti\u00f3 por considerar que la joven tiene elementos para mantenerse sola.<\/p>\n\n\n\n<p>Todo sucedi\u00f3 en Chivilcoy. La chica inici\u00f3 el tr\u00e1mite judicial en 2022 al no tener respuestas de su padre, que desapareci\u00f3 de sus vidas y no respond\u00eda sus reclamos. Por esa raz\u00f3n, la joven decidi\u00f3 elevar su demanda por la cuota alimentaria a su abuela paterna bas\u00e1ndose en el art\u00edculo 668 de C\u00f3digo Civil, que habilita a los hijos<\/p>\n\n\n\n<p>a exigir alimentos a sus abuelos si sus padres no responden. Al ser estudiante, la joven plante\u00f3 que este derecho le correspond\u00eda hasta los 25 a\u00f1os.<\/p>\n\n\n\n<p>Se septiembre del a\u00f1o pasado, el juez Eduardo Banchero de Chivilcoy fall\u00f3 a favor de la chica al considerar que, ausente el padre, era la abuela paterna la responsable de abonar los alimentos provisorios y fij\u00f3 el monto en el 15% de su jubilaci\u00f3n.<\/p>\n\n\n\n<p>Sin embargo, esa decisi\u00f3n fue apelada por la abuela. Su abogado, Leandro Dic\u00e1solo, calific\u00f3 a la cuota fijada como \u00abexcesiva\u00bb debido \u00aba la edad y el estado de salud\u00bb de su defendida y a que, como su \u00fanico ingreso es la jubilaci\u00f3n, la carga impuesta afectaba \u00absu derecho a vivir dignamente\u00bb.<\/p>\n\n\n\n<p>La C\u00e1mara de Apelaci\u00f3n en lo Civil y Comercial de Mercedes tom\u00f3 cartas en el asunto y resolvi\u00f3 que, debido a que la demandante tiene 21 a\u00f1os y un trabajo estable, la cuota alimentaria provisoria s\u00f3lo corresponde en relaci\u00f3n a su hermana de 13 a\u00f1os. Y argumentaron que \u00abel reclamo alimentario formulado por personas mayores de 18 a\u00f1os contra sus abuelos requiere de un an\u00e1lisis diferencial. En estos casos la persona alimentada no es sujeto de protecci\u00f3n especial, para lo cual se requerir\u00eda de prueba sobre la imposibilidad o dificultad que padece de abastecerse, lo que no ocurre en el caso\u00bb.<\/p>\n\n\n\n<p>Agregaron que \u00abfrente a la tensi\u00f3n existente entre los derechos de ni\u00f1os, ni\u00f1as y adolescentes y los de los abuelos, que podr\u00eda tratarse de otro sector vulnerable, se opta por una postura equilibrada\u00bb.<\/p>\n\n\n\n<p>En este sentido, la C\u00e1mara fij\u00f3 la cuota en el 10% de los ingresos de la abuela y solo para la hermana menor de la demandante.<\/p>\n","protected":false},"excerpt":{"rendered":"<p>Una chica de 21 a\u00f1os demand\u00f3 a su abuela por alimentos al no tener respuesta<\/p>\n","protected":false},"author":4,"featured_media":3679,"comment_status":"open","ping_status":"open","sticky":false,"template":"","format":"standard","meta":{"om_disable_all_campaigns":false,"_monsterinsights_skip_tracking":false,"_monsterinsights_sitenote_active":false,"_monsterinsights_sitenote_note":"","_monsterinsights_sitenote_category":0},"categories":[16],"tags":[],"aioseo_notices":[],"jetpack_featured_media_url":"https:\/\/defiendase.com\/wp-content\/uploads\/2023\/07\/WhatsApp-Image-2023-07-21-at-11.35.32.jpeg","post_mailing_queue_ids":[],"_links":{"self":[{"href":"https:\/\/defiendase.com\/index.php\/wp-json\/wp\/v2\/posts\/3678"}],"collection":[{"href":"https:\/\/defiendase.com\/index.php\/wp-json\/wp\/v2\/posts"}],"about":[{"href":"https:\/\/defiendase.com\/index.php\/wp-json\/wp\/v2\/types\/post"}],"author":[{"embeddable":true,"href":"https:\/\/defiendase.com\/index.php\/wp-json\/wp\/v2\/users\/4"}],"replies":[{"embeddable":true,"href":"https:\/\/defiendase.com\/index.php\/wp-json\/wp\/v2\/comments?post=3678"}],"version-history":[{"count":1,"href":"https:\/\/defiendase.com\/index.php\/wp-json\/wp\/v2\/posts\/3678\/revisions"}],"predecessor-version":[{"id":3680,"href":"https:\/\/defiendase.com\/index.php\/wp-json\/wp\/v2\/posts\/3678\/revisions\/3680"}],"wp:featuredmedia":[{"embeddable":true,"href":"https:\/\/defiendase.com\/index.php\/wp-json\/wp\/v2\/media\/3679"}],"wp:attachment":[{"href":"https:\/\/defiendase.com\/index.php\/wp-json\/wp\/v2\/media?parent=3678"}],"wp:term":[{"taxonomy":"category","embeddable":true,"href":"https:\/\/defiendase.com\/index.php\/wp-json\/wp\/v2\/categories?post=3678"},{"taxonomy":"post_tag","embeddable":true,"href":"https:\/\/defiendase.com\/index.php\/wp-json\/wp\/v2\/tags?post=3678"}],"curies":[{"name":"wp","href":"https:\/\/api.w.org\/{rel}","templated":true}]}}