{"id":3635,"date":"2023-07-17T15:24:58","date_gmt":"2023-07-17T18:24:58","guid":{"rendered":"https:\/\/defiendase.com\/?p=3635"},"modified":"2023-07-18T11:43:38","modified_gmt":"2023-07-18T14:43:38","slug":"vacaciones-de-invierno-en-el-colegio-de-abogados","status":"publish","type":"post","link":"https:\/\/defiendase.com\/index.php\/vacaciones-de-invierno-en-el-colegio-de-abogados\/","title":{"rendered":"Vacaciones de invierno en el colegio de abogados"},"content":{"rendered":"\n<p>Bajo el lema \u00abVenir al Colegio nunca fue tan divertido\u00bb el Colegio de la Abogac\u00eda de la Capital Federal lanz\u00f3 actividades para las vacaciones de invierno 2023.<\/p>\n\n\n\n<p>Prometen talleres creativos de pintura, danza, sombras y cuentos, manualidades, t\u00edteres, cocina y m\u00e1scaras, entre otros, adem\u00e1s de shows de magia para toda la familia.&nbsp; Tambi\u00e9n habr\u00e1 espect\u00e1culos con cuentacuentos dirigidos a los m\u00e1s chicos y clases de m\u00fasica donde la novedosa propuesta es fabricar los propios instrumentos.<\/p>\n\n\n\n<p>La cita es desde el 17 al 28 de julio en la sede de la calle Corrientes 1441. Las actividades y talleres est\u00e1n programadas para chicos de 3 a 8 a\u00f1os y los shows son para ni\u00f1os de 4 a 5 a\u00f1os y de 8 a 9 a\u00f1os. Los cupos son limitados y hay que inscribirse en la p\u00e1gina del Colegio.<\/p>\n","protected":false},"excerpt":{"rendered":"<p>Bajo el lema \u00abVenir al Colegio nunca fue tan divertido\u00bb el Colegio de la Abogac\u00eda<\/p>\n","protected":false},"author":4,"featured_media":3636,"comment_status":"open","ping_status":"open","sticky":false,"template":"","format":"standard","meta":{"om_disable_all_campaigns":false,"_monsterinsights_skip_tracking":false,"_monsterinsights_sitenote_active":false,"_monsterinsights_sitenote_note":"","_monsterinsights_sitenote_category":0},"categories":[6],"tags":[],"aioseo_notices":[],"jetpack_featured_media_url":"https:\/\/defiendase.com\/wp-content\/uploads\/2023\/07\/vacaciones-colegio-de-abogados.jpg","post_mailing_queue_ids":[],"_links":{"self":[{"href":"https:\/\/defiendase.com\/index.php\/wp-json\/wp\/v2\/posts\/3635"}],"collection":[{"href":"https:\/\/defiendase.com\/index.php\/wp-json\/wp\/v2\/posts"}],"about":[{"href":"https:\/\/defiendase.com\/index.php\/wp-json\/wp\/v2\/types\/post"}],"author":[{"embeddable":true,"href":"https:\/\/defiendase.com\/index.php\/wp-json\/wp\/v2\/users\/4"}],"replies":[{"embeddable":true,"href":"https:\/\/defiendase.com\/index.php\/wp-json\/wp\/v2\/comments?post=3635"}],"version-history":[{"count":1,"href":"https:\/\/defiendase.com\/index.php\/wp-json\/wp\/v2\/posts\/3635\/revisions"}],"predecessor-version":[{"id":3637,"href":"https:\/\/defiendase.com\/index.php\/wp-json\/wp\/v2\/posts\/3635\/revisions\/3637"}],"wp:featuredmedia":[{"embeddable":true,"href":"https:\/\/defiendase.com\/index.php\/wp-json\/wp\/v2\/media\/3636"}],"wp:attachment":[{"href":"https:\/\/defiendase.com\/index.php\/wp-json\/wp\/v2\/media?parent=3635"}],"wp:term":[{"taxonomy":"category","embeddable":true,"href":"https:\/\/defiendase.com\/index.php\/wp-json\/wp\/v2\/categories?post=3635"},{"taxonomy":"post_tag","embeddable":true,"href":"https:\/\/defiendase.com\/index.php\/wp-json\/wp\/v2\/tags?post=3635"}],"curies":[{"name":"wp","href":"https:\/\/api.w.org\/{rel}","templated":true}]}}