{"id":3624,"date":"2023-07-14T16:00:10","date_gmt":"2023-07-14T19:00:10","guid":{"rendered":"https:\/\/defiendase.com\/?p=3624"},"modified":"2023-07-14T16:02:31","modified_gmt":"2023-07-14T19:02:31","slug":"aumento-a-judiciales-bonaerenses","status":"publish","type":"post","link":"https:\/\/defiendase.com\/index.php\/aumento-a-judiciales-bonaerenses\/","title":{"rendered":"Aumento a Judiciales Bonaerenses"},"content":{"rendered":"\n<p>El gobierno bonaerense propuso 45% de aumento a los trabajadores judiciales de la provincia. La oferta es en dos tramos: uno del 30% a cobrar con el sueldo de julio y otro del 15% en septiembre.<\/p>\n\n\n\n<p>Si los gremios aceptan, el incremento total anual ser\u00e1 del 85%. Por el avance de la inflaci\u00f3n, que se estima en un 115% anual,&nbsp; la Asociaci\u00f3n Judicial Bonaerense pidi\u00f3 una revisi\u00f3n en septiembre y la reapertura de paritarias en octubre.<\/p>\n\n\n\n<p>Desde el sindicato tambi\u00e9n exigieron la restituci\u00f3n del 3% por antig\u00fcedad y la activaci\u00f3n de mesas t\u00e9cnicas para discutir la situaci\u00f3n de peritos, trabajadores tercerizados y los salarios de categor\u00edas m\u00e1s bajas adem\u00e1s de reclamar por la situaci\u00f3n edilicia de los tribunales y las fiscal\u00edas.<\/p>\n","protected":false},"excerpt":{"rendered":"<p>El gobierno bonaerense propuso 45% de aumento a los trabajadores judiciales de la provincia. La<\/p>\n","protected":false},"author":4,"featured_media":3625,"comment_status":"open","ping_status":"open","sticky":false,"template":"","format":"standard","meta":{"om_disable_all_campaigns":false,"_monsterinsights_skip_tracking":false,"_monsterinsights_sitenote_active":false,"_monsterinsights_sitenote_note":"","_monsterinsights_sitenote_category":0},"categories":[16,8],"tags":[],"aioseo_notices":[],"jetpack_featured_media_url":"https:\/\/defiendase.com\/wp-content\/uploads\/2023\/07\/JUDICIALES.jpeg","post_mailing_queue_ids":[],"_links":{"self":[{"href":"https:\/\/defiendase.com\/index.php\/wp-json\/wp\/v2\/posts\/3624"}],"collection":[{"href":"https:\/\/defiendase.com\/index.php\/wp-json\/wp\/v2\/posts"}],"about":[{"href":"https:\/\/defiendase.com\/index.php\/wp-json\/wp\/v2\/types\/post"}],"author":[{"embeddable":true,"href":"https:\/\/defiendase.com\/index.php\/wp-json\/wp\/v2\/users\/4"}],"replies":[{"embeddable":true,"href":"https:\/\/defiendase.com\/index.php\/wp-json\/wp\/v2\/comments?post=3624"}],"version-history":[{"count":1,"href":"https:\/\/defiendase.com\/index.php\/wp-json\/wp\/v2\/posts\/3624\/revisions"}],"predecessor-version":[{"id":3626,"href":"https:\/\/defiendase.com\/index.php\/wp-json\/wp\/v2\/posts\/3624\/revisions\/3626"}],"wp:featuredmedia":[{"embeddable":true,"href":"https:\/\/defiendase.com\/index.php\/wp-json\/wp\/v2\/media\/3625"}],"wp:attachment":[{"href":"https:\/\/defiendase.com\/index.php\/wp-json\/wp\/v2\/media?parent=3624"}],"wp:term":[{"taxonomy":"category","embeddable":true,"href":"https:\/\/defiendase.com\/index.php\/wp-json\/wp\/v2\/categories?post=3624"},{"taxonomy":"post_tag","embeddable":true,"href":"https:\/\/defiendase.com\/index.php\/wp-json\/wp\/v2\/tags?post=3624"}],"curies":[{"name":"wp","href":"https:\/\/api.w.org\/{rel}","templated":true}]}}