{"id":3554,"date":"2023-06-26T08:27:57","date_gmt":"2023-06-26T11:27:57","guid":{"rendered":"https:\/\/defiendase.com\/?p=3554"},"modified":"2023-06-26T08:27:59","modified_gmt":"2023-06-26T11:27:59","slug":"el-drama-de-los-beneficiarios-del-procrear-juegan-con-la-ilusion-de-la-casa-propia","status":"publish","type":"post","link":"https:\/\/defiendase.com\/index.php\/el-drama-de-los-beneficiarios-del-procrear-juegan-con-la-ilusion-de-la-casa-propia\/","title":{"rendered":"El drama de los beneficiarios del PROCREAR: \u201cJuegan con la ilusi\u00f3n de la casa propia\u201d"},"content":{"rendered":"\n<p>En di\u00e1logo con Defi\u00e9ndase, Emanuel N\u00fa\u00f1ez coment\u00f3 las dificultades que viene atravesando para acceder al programa estatal tras haber salido sorteado en junio de 2022. La incertidumbre de los miles de beneficiarios del PROCREAR que se encuentran en la misma situaci\u00f3n hace un a\u00f1o.<\/p>\n\n\n\n<p>Emanuel N\u00fa\u00f1ez vive junto a su pareja y su hija en La Falda, provincia de C\u00f3rdoba. Un a\u00f1o atr\u00e1s, se inscribi\u00f3 en el programa estatal y r\u00e1pidamente sali\u00f3 sorteado e incluso logr\u00f3 la pre-aprobaci\u00f3n del cr\u00e9dito, pero desde ah\u00ed en adelante todas las promesas quedaron estancadas y a\u00fan no pudo poner en marcha las obras para construir su casa debido a que el cr\u00e9dito no fue adjudicado.<\/p>\n\n\n\n<p>No se trata de un caso puntual, su historia es similar a la de miles de familias a lo largo y ancho del pa\u00eds que todav\u00eda no pudieron cumplir el sue\u00f1o de la casa propia. La \u00fanica respuesta que recibieron del Ministerio de Desarrollo Territorial y H\u00e1bitat y del Banco Hipotecario fue que \u201cno hay plata\u201d, sin embargo en los \u00faltimos d\u00edas lanzaron una nueva convocatoria para acceder a cr\u00e9ditos a tasa cero para construir viviendas.<\/p>\n\n\n\n<p>Con una inflaci\u00f3n interanual del 114,2% en los \u00faltimos doce meses, el aumento en la mano de obra y los materiales pulveriz\u00f3 hasta los cr\u00e9ditos que les prometieron y a\u00fan no recibieron. En medio de la incertidumbre, los beneficiarios del PROCREAR se organizaron colectivamente, meten presi\u00f3n para llevar su caso al Congreso de la Naci\u00f3n y est\u00e1n decididos a iniciar acciones legales. La historia de Emanuel N\u00fa\u00f1ez.<\/p>\n\n\n\n<ul><li><strong>\u00bfC\u00f3mo arranca tu historia con el PROCREAR?<\/strong><\/li><\/ul>\n\n\n\n<p>&#8211; Nos inscribimos en mayo de 2022 y en junio salimos sorteados. En aquel momento, nos pidieron que carguemos nuestros datos para hacer una simulaci\u00f3n, pero siempre tuvimos problemas con la p\u00e1gina, que hasta fines de diciembre se nos trababa. Reci\u00e9n ah\u00ed se destrab\u00f3 la p\u00e1gina para que nosotros hici\u00e9ramos la simulaci\u00f3n; luego se pasa a otra instancia en la que te pre-aprueban el cr\u00e9dito para despu\u00e9s aprobarlo. Fue bastante fea nuestra historia con el cr\u00e9dito porque perdimos mucho tiempo. En nuestro caso ya ten\u00edamos un terreno, pusimos plata para limpiarlo, pagamos un arquitecto para que nos vaya empezando a orientar e hicimos instalaciones de luz y agua, pero nunca tuvimos novedades del cr\u00e9dito.<\/p>\n\n\n\n<ul><li><strong>En este momento, \u00bfen qu\u00e9 situaci\u00f3n se encuentran?<\/strong><\/li><\/ul>\n\n\n\n<p>&#8211; Somos unas 550 personas en el grupo de WhatsApp que tenemos y se estima que en todo el pa\u00eds somos miles. La mayor\u00eda de las personas est\u00e1n aprobadas, no pre-aprobadas como nosotros. A muchos les han pedido documentaci\u00f3n nuevamente y se los ha puesto de nuevo en an\u00e1lisis. En C\u00f3rdoba, estamos en contacto con un legislador provincial que nos est\u00e1 dando una mano para llevar esto al Congreso de la Naci\u00f3n. Tambi\u00e9n tuvimos la oportunidad de cruzarnos con el secretario de H\u00e1bitat, Luciano Scatolini, en algunos actos informales y con Santiago Maggiotti, ministro de H\u00e1bitat de la Naci\u00f3n, que solamente ve los mensajes que le mandamos por redes y no nos contesta. Scatolini nos ha expresado que no hay dinero. Ellos se comprometieron a darnos los cr\u00e9ditos a las personas que cumpli\u00e9ramos con los requisitos; en mi caso tengo terreno, tengo los ingresos que se necesitan, no tengo deudas. La respuesta del Banco Hipotecario es que el Ministerio no da la plata, se lavan las manos, para comunicarnos con el banco tenemos que estar una hora en l\u00ednea telef\u00f3nica y no te dan ning\u00fan tipo de respuesta. Entiendo que el pa\u00eds est\u00e1 atravesando una situaci\u00f3n espantosa, pero hubo un compromiso de parte del Estado y del Banco Hipotecario en otorgar los cr\u00e9ditos, lo que m\u00e1s indigna es que siguen haciendo campa\u00f1a con el PROCREAR.&nbsp;<\/p>\n\n\n\n<ul><li><strong>\u00bfCu\u00e1l es tu situaci\u00f3n actual? \u00bfEst\u00e1s alquilando ahora?<\/strong><\/li><\/ul>\n\n\n\n<p>&#8211; Nos vinimos a alquilar una casa cerca del terreno donde quer\u00edamos construir. Nos sale s\u00faper cara y nunca se aprob\u00f3 el cr\u00e9dito. No solamente es la desilusi\u00f3n y el estr\u00e9s que te hacen pasar, tambi\u00e9n es el dinero que estamos perdiendo. Si nos hubieran dicho desde el vamos que no nos van a dar la plata, obviamente no nos iba a gustar, pero que te tengan en vilo hace que vos te organices de cierta manera y es peor. Hay un mont\u00f3n de familias destruidas, pagando alquileres que no pens\u00e1bamos pagar. Juegan con la ilusi\u00f3n de la casa propia, es muy doloroso.<\/p>\n\n\n\n<ul><li><strong>\u00bfTienen pensado tomar cartas en el asunto?<\/strong><\/li><\/ul>\n\n\n\n<p>&#8211; Lo que vamos a hacer a trav\u00e9s de este grupo de WhatsApp es iniciar una demanda legal colectiva contra el Hipotecario y el Ministerio. Es dif\u00edcil enfrentar estos monstruos que se manejan como instituciones encarecidas, parecen un municipio de mil habitantes y estamos hablando de la Naci\u00f3n. Pensamos que esto necesita apoyo de la Justicia, hoy no podemos construir ni siquiera si nos entregaran el monto m\u00e1ximo de 5 millones y medio.<\/p>\n\n\n\n<ul><li><strong>\u00bfHicieron el c\u00e1lculo de cu\u00e1nto se devalu\u00f3 el cr\u00e9dito en este a\u00f1o?<\/strong><\/li><\/ul>\n\n\n\n<p>&#8211; Tres veces. El metro de construcci\u00f3n est\u00e1 unos 500 d\u00f3lares, para hacer los 60 metros necesit\u00e1s 30.000 d\u00f3lares, que ser\u00edan unos 15 millones de pesos; ellos nos dar\u00edan 5 millones y medio con suerte. Nosotros sabemos que en un cr\u00e9dito de esta categor\u00eda siempre hay que poner plata extra, pero imaginate si hoy nos dan ese monto.<\/p>\n\n\n\n<ul><li><strong>\u00bfVan a llevar el caso a la Justicia?<\/strong><\/li><\/ul>\n\n\n\n<p>&#8211; Vamos a iniciar acciones legales no solo para que nos den lo que estaba prometido, sino para que nos retribuyan los da\u00f1os y perjuicios que han hecho hacia nosotros. Somos todos laburantes, de clase media y media-baja que estamos esperando con muchas ansias. En una de las cl\u00e1usulas que firmamos, nos proh\u00edben hacer acciones legales y quejas hacia las entidades, es inconstitucional.<\/p>\n\n\n\n<ul><li><strong>Con el aumento de materiales y mano de obra en este \u00faltimo a\u00f1o, \u00bfesperan una actualizaci\u00f3n del monto?<\/strong><\/li><\/ul>\n\n\n\n<p>&#8211; La vamos a reclamar pero en los mails que nos mandan desde el Banco y el Ministerio nos dicen que no va a haber ninguna actualizaci\u00f3n. Ellos, con la plata que te dan, te exigen que completes un porcentaje cercano al 90% de la obra porque sino te pueden multar. Muchas veces por tel\u00e9fono nos han dicho \u201cBueno, si no les gusta se pueden dar de baja\u201d.<\/p>\n","protected":false},"excerpt":{"rendered":"<p>En di\u00e1logo con Defi\u00e9ndase, Emanuel N\u00fa\u00f1ez coment\u00f3 las dificultades que viene atravesando para acceder al<\/p>\n","protected":false},"author":4,"featured_media":3555,"comment_status":"open","ping_status":"open","sticky":false,"template":"","format":"standard","meta":{"om_disable_all_campaigns":false,"_monsterinsights_skip_tracking":false,"_monsterinsights_sitenote_active":false,"_monsterinsights_sitenote_note":"","_monsterinsights_sitenote_category":0},"categories":[251],"tags":[],"aioseo_notices":[],"jetpack_featured_media_url":"https:\/\/defiendase.com\/wp-content\/uploads\/2023\/06\/56D09CE3-3E9A-4C3C-B59F-BB0D607779FC.jpeg","post_mailing_queue_ids":[],"_links":{"self":[{"href":"https:\/\/defiendase.com\/index.php\/wp-json\/wp\/v2\/posts\/3554"}],"collection":[{"href":"https:\/\/defiendase.com\/index.php\/wp-json\/wp\/v2\/posts"}],"about":[{"href":"https:\/\/defiendase.com\/index.php\/wp-json\/wp\/v2\/types\/post"}],"author":[{"embeddable":true,"href":"https:\/\/defiendase.com\/index.php\/wp-json\/wp\/v2\/users\/4"}],"replies":[{"embeddable":true,"href":"https:\/\/defiendase.com\/index.php\/wp-json\/wp\/v2\/comments?post=3554"}],"version-history":[{"count":1,"href":"https:\/\/defiendase.com\/index.php\/wp-json\/wp\/v2\/posts\/3554\/revisions"}],"predecessor-version":[{"id":3556,"href":"https:\/\/defiendase.com\/index.php\/wp-json\/wp\/v2\/posts\/3554\/revisions\/3556"}],"wp:featuredmedia":[{"embeddable":true,"href":"https:\/\/defiendase.com\/index.php\/wp-json\/wp\/v2\/media\/3555"}],"wp:attachment":[{"href":"https:\/\/defiendase.com\/index.php\/wp-json\/wp\/v2\/media?parent=3554"}],"wp:term":[{"taxonomy":"category","embeddable":true,"href":"https:\/\/defiendase.com\/index.php\/wp-json\/wp\/v2\/categories?post=3554"},{"taxonomy":"post_tag","embeddable":true,"href":"https:\/\/defiendase.com\/index.php\/wp-json\/wp\/v2\/tags?post=3554"}],"curies":[{"name":"wp","href":"https:\/\/api.w.org\/{rel}","templated":true}]}}