{"id":3541,"date":"2023-06-16T14:36:50","date_gmt":"2023-06-16T17:36:50","guid":{"rendered":"https:\/\/defiendase.com\/?p=3541"},"modified":"2023-06-16T14:36:52","modified_gmt":"2023-06-16T17:36:52","slug":"14-anos-sin-defensor-del-pueblo-una-falta-de-consenso-que-debilita-las-garantias-del-estado-de-derecho","status":"publish","type":"post","link":"https:\/\/defiendase.com\/index.php\/14-anos-sin-defensor-del-pueblo-una-falta-de-consenso-que-debilita-las-garantias-del-estado-de-derecho\/","title":{"rendered":"14 a\u00f1os sin defensor del pueblo: Una falta de consenso que debilita las garant\u00edas del estado de derecho"},"content":{"rendered":"\n<p>En el a\u00f1o en el que se cumplen 40 a\u00f1os ininterrumpidos de democracia y habr\u00e1 elecciones presidenciales y legislativas, el Congreso sigue dando muestras de la incapacidad para generar consensos b\u00e1sicos y a\u00fan no puede resolver una cuesti\u00f3n esencial para los ciudadanos y los consumidores: la elecci\u00f3n de un Defensor del Pueblo, un puesto que lleva ya 14 a\u00f1os vacante pese a que en 2016 la Corte Suprema exhort\u00f3 a los diputados y senadores a que activen el proceso para cubrir el cargo.<\/p>\n\n\n\n<p>\u00abEl Defensor del Pueblo es una figura de gran importancia para la protecci\u00f3n de los derechos de los ciudadanos y las ciudadanas y su ausencia deja al sistema con una gran vulnerabilidad\u00bb, dice Juan Pablo Zanetta, director del Instituto del Consumo en el Colegio P\u00fablico de Abogados de Capital Federal y ex Presidente de la Asociaci\u00f3n de Abogadas y Abogados de Buenos Aires.&nbsp;<\/p>\n\n\n\n<p>Para designar un Defensor del Pueblo se requiere una mayor\u00eda de dos tercios en el Congreso y ese fue el principal obst\u00e1culo por el cual a lo largo de todos estos a\u00f1os y con la grieta de por medio, las distintas fuerzas pol\u00edticas que pasaron por los recintos no pudieron ponerse de acuerdo.<\/p>\n\n\n\n<p>La instituci\u00f3n fue incorporada al sistema pol\u00edtico en 1993 a trav\u00e9s de la ley 24.284 y constitucionalizada en 1994. Tiene autonom\u00eda funcional y la misi\u00f3n de defender y proteger los derechos humanos y las garant\u00edas e intereses constitucionales adem\u00e1s de controlar el ejercicio de las funciones administrativas.&nbsp; Sin embargo, el hecho de estar vacante durante estos \u00faltimos 14 a\u00f1os debilita, por no decir que vulnera, la defensa de esos derechos fundamentales.<\/p>\n\n\n\n<p>\u00abSe trata de una instituci\u00f3n de enorme importancia para controlar al poder pol\u00edtico de turno y para ocuparse de proteger a las personas frente a los abusos, irregularidades, omisiones o cualquier forma de vulneraci\u00f3n o avasallamiento de sus derechos\u00bb, explica Zanetta, que pasa a ejemplos concretos: \u00abPensemos qu\u00e9 importante hubiera sido tener un Defensor del pueblo activo y comprometido en las \u00e9pocas del Aislamiento Social, Preventivo y Obligatorio para garantizar la atenci\u00f3n de la salud o evitar excesos en las restricciones a las libertades o intervenir en la distribuci\u00f3n equitativa de las vacunas, o en estos tiempos para tomar posici\u00f3n frente a los aumentos de tarifas de los servicios p\u00fablicos o los cortes de luz masivos\u00bb.<\/p>\n\n\n\n<p>Adem\u00e1s, el Defensor del Pueblo es la \u00fanica instituci\u00f3n legitimada para asumir la defensa no jurisdiccional de los derechos fundamentales. \u00abEs importante que se siga trabajando para encontrar una soluci\u00f3n a esta situaci\u00f3n y construir los consensos necesarios para superar la desidia, el desencuentro y la violencia en la conversaci\u00f3n p\u00fablica, que inexorablemente terminan debilitando la calidad institucional y disminuyendo el marco de garant\u00edas del Estado de Derecho\u00bb, cierra Zanetta.<\/p>\n","protected":false},"excerpt":{"rendered":"<p>En el a\u00f1o en el que se cumplen 40 a\u00f1os ininterrumpidos de democracia y habr\u00e1<\/p>\n","protected":false},"author":4,"featured_media":3542,"comment_status":"open","ping_status":"open","sticky":false,"template":"","format":"standard","meta":{"om_disable_all_campaigns":false,"_monsterinsights_skip_tracking":false,"_monsterinsights_sitenote_active":false,"_monsterinsights_sitenote_note":"","_monsterinsights_sitenote_category":0},"categories":[16],"tags":[],"aioseo_notices":[],"jetpack_featured_media_url":"https:\/\/defiendase.com\/wp-content\/uploads\/2023\/06\/defensor-del-pueblo.jpg","post_mailing_queue_ids":[],"_links":{"self":[{"href":"https:\/\/defiendase.com\/index.php\/wp-json\/wp\/v2\/posts\/3541"}],"collection":[{"href":"https:\/\/defiendase.com\/index.php\/wp-json\/wp\/v2\/posts"}],"about":[{"href":"https:\/\/defiendase.com\/index.php\/wp-json\/wp\/v2\/types\/post"}],"author":[{"embeddable":true,"href":"https:\/\/defiendase.com\/index.php\/wp-json\/wp\/v2\/users\/4"}],"replies":[{"embeddable":true,"href":"https:\/\/defiendase.com\/index.php\/wp-json\/wp\/v2\/comments?post=3541"}],"version-history":[{"count":1,"href":"https:\/\/defiendase.com\/index.php\/wp-json\/wp\/v2\/posts\/3541\/revisions"}],"predecessor-version":[{"id":3543,"href":"https:\/\/defiendase.com\/index.php\/wp-json\/wp\/v2\/posts\/3541\/revisions\/3543"}],"wp:featuredmedia":[{"embeddable":true,"href":"https:\/\/defiendase.com\/index.php\/wp-json\/wp\/v2\/media\/3542"}],"wp:attachment":[{"href":"https:\/\/defiendase.com\/index.php\/wp-json\/wp\/v2\/media?parent=3541"}],"wp:term":[{"taxonomy":"category","embeddable":true,"href":"https:\/\/defiendase.com\/index.php\/wp-json\/wp\/v2\/categories?post=3541"},{"taxonomy":"post_tag","embeddable":true,"href":"https:\/\/defiendase.com\/index.php\/wp-json\/wp\/v2\/tags?post=3541"}],"curies":[{"name":"wp","href":"https:\/\/api.w.org\/{rel}","templated":true}]}}