{"id":3518,"date":"2023-05-31T23:10:53","date_gmt":"2023-06-01T02:10:53","guid":{"rendered":"https:\/\/defiendase.com\/?p=3518"},"modified":"2023-06-01T09:15:24","modified_gmt":"2023-06-01T12:15:24","slug":"otra-denuncia-contra-ioma-reclaman-que-asista-a-un-nene-con-encefalopatia","status":"publish","type":"post","link":"https:\/\/defiendase.com\/index.php\/otra-denuncia-contra-ioma-reclaman-que-asista-a-un-nene-con-encefalopatia\/","title":{"rendered":"Otra denuncia contra IOMA: Reclaman que asista a un nene con encefalopat\u00eda"},"content":{"rendered":"\n<p>Una familia de Mor\u00f3n denuncia que la obra social IOMA hace abandono de persona porque no le brinda asistencia a su hijo, Ignacio Bord\u00f3n, que padece una encefalopat\u00eda cr\u00f3nica no evolutiva. Esta enfermedad impide que Nacho, como le dicen, pueda hacer cosas por s\u00ed solo y por eso depende de terceros para poder vivir.<\/p>\n\n\n\n<p>Nacho usa pa\u00f1ales, est\u00e1 traqueostomizado y est\u00e1 internado en el hospital Posadas desde el 3 de marzo pero su familia exige que el chico pueda ser internado en su casa con las debidas prestaciones de su obra social.<\/p>\n\n\n\n<p>\u00abIniciamos un recurso de amparo a principios de abril y logramos una medida cautelar para que IOMA entregue a Ignacio el servicio de aparatolog\u00eda para internaci\u00f3n domiciliaria, pero IOMA no cumple con lo que dict\u00f3 la Justicia y toma este tr\u00e1mite que deber\u00eda estar resuelto en 24 horas como un tr\u00e1mite burocr\u00e1tico ordinario\u00bb, denuncia la abogada de la familia, Silvina Arnouil. <\/p>\n\n\n\n<p>Julieta, mam\u00e1 de Nacho, explica que seguir en el Posadas implica estar en riesgo permanente de una infecci\u00f3n intrahospitalaria. Incluso en las \u00faltimas horas, Ignacio estuvo con un cuadro febril producto de un contagio durante la internaci\u00f3n. \u00abQueremos que IOMA nos brinde la asistencia necesaria para que Nacho pueda estar internado en nuestra casa. No podemos seguir viviendo as\u00ed. La obra social hizo abandono de persona. IOMA est\u00e1 jugando con la salud de mi hijo\u00bb, cerr\u00f3.<\/p>\n\n\n\n<figure class=\"wp-block-video\"><video controls src=\"https:\/\/defiendase.com\/wp-content\/uploads\/2023\/06\/Dra-Silvina-Arnui.mp4\"><\/video><\/figure>\n","protected":false},"excerpt":{"rendered":"<p>Una familia de Mor\u00f3n denuncia que la obra social IOMA hace abandono de persona porque<\/p>\n","protected":false},"author":4,"featured_media":3519,"comment_status":"open","ping_status":"open","sticky":false,"template":"","format":"standard","meta":{"om_disable_all_campaigns":false,"_monsterinsights_skip_tracking":false,"_monsterinsights_sitenote_active":false,"_monsterinsights_sitenote_note":"","_monsterinsights_sitenote_category":0},"categories":[17],"tags":[],"aioseo_notices":[],"jetpack_featured_media_url":"https:\/\/defiendase.com\/wp-content\/uploads\/2023\/05\/mama-e-hijo.png","post_mailing_queue_ids":[],"_links":{"self":[{"href":"https:\/\/defiendase.com\/index.php\/wp-json\/wp\/v2\/posts\/3518"}],"collection":[{"href":"https:\/\/defiendase.com\/index.php\/wp-json\/wp\/v2\/posts"}],"about":[{"href":"https:\/\/defiendase.com\/index.php\/wp-json\/wp\/v2\/types\/post"}],"author":[{"embeddable":true,"href":"https:\/\/defiendase.com\/index.php\/wp-json\/wp\/v2\/users\/4"}],"replies":[{"embeddable":true,"href":"https:\/\/defiendase.com\/index.php\/wp-json\/wp\/v2\/comments?post=3518"}],"version-history":[{"count":2,"href":"https:\/\/defiendase.com\/index.php\/wp-json\/wp\/v2\/posts\/3518\/revisions"}],"predecessor-version":[{"id":3523,"href":"https:\/\/defiendase.com\/index.php\/wp-json\/wp\/v2\/posts\/3518\/revisions\/3523"}],"wp:featuredmedia":[{"embeddable":true,"href":"https:\/\/defiendase.com\/index.php\/wp-json\/wp\/v2\/media\/3519"}],"wp:attachment":[{"href":"https:\/\/defiendase.com\/index.php\/wp-json\/wp\/v2\/media?parent=3518"}],"wp:term":[{"taxonomy":"category","embeddable":true,"href":"https:\/\/defiendase.com\/index.php\/wp-json\/wp\/v2\/categories?post=3518"},{"taxonomy":"post_tag","embeddable":true,"href":"https:\/\/defiendase.com\/index.php\/wp-json\/wp\/v2\/tags?post=3518"}],"curies":[{"name":"wp","href":"https:\/\/api.w.org\/{rel}","templated":true}]}}