{"id":3512,"date":"2023-05-30T19:23:00","date_gmt":"2023-05-30T22:23:00","guid":{"rendered":"https:\/\/defiendase.com\/?p=3512"},"modified":"2023-05-31T00:53:21","modified_gmt":"2023-05-31T03:53:21","slug":"denuncia-de-mala-praxis-en-una-sanatorio-de-avellaneda","status":"publish","type":"post","link":"https:\/\/defiendase.com\/index.php\/denuncia-de-mala-praxis-en-una-sanatorio-de-avellaneda\/","title":{"rendered":"Denuncia de mala praxis en una sanatorio de Avellaneda"},"content":{"rendered":"\n<p>La familia de una mujer de 34 a\u00f1os que muri\u00f3 cuando iba a hacerse una liposucci\u00f3n a un centro m\u00e9dico de Avellaneda denuncia mala praxis y pide justicia.<\/p>\n\n\n\n<p>Cintia ten\u00eda 34 a\u00f1os y decidi\u00f3 ir sola al Sanatorio 24 de Septiembre, ubicado en Coronel Su\u00e1rez 80. Cuando le dieron la anestesia se descompens\u00f3 y la tuvieron que pasar a terapia intensiva.<\/p>\n\n\n\n<figure class=\"wp-block-image size-full\"><img loading=\"lazy\" width=\"1024\" height=\"576\" src=\"https:\/\/defiendase.com\/wp-content\/uploads\/2023\/05\/6MTENFA3IYBHO6VBF7DAOYCNFQ-1.jpg\" alt=\"\" class=\"wp-image-3514\" srcset=\"https:\/\/defiendase.com\/wp-content\/uploads\/2023\/05\/6MTENFA3IYBHO6VBF7DAOYCNFQ-1.jpg 1024w, https:\/\/defiendase.com\/wp-content\/uploads\/2023\/05\/6MTENFA3IYBHO6VBF7DAOYCNFQ-1-300x169.jpg 300w, https:\/\/defiendase.com\/wp-content\/uploads\/2023\/05\/6MTENFA3IYBHO6VBF7DAOYCNFQ-1-768x432.jpg 768w, https:\/\/defiendase.com\/wp-content\/uploads\/2023\/05\/6MTENFA3IYBHO6VBF7DAOYCNFQ-1-800x450.jpg 800w, https:\/\/defiendase.com\/wp-content\/uploads\/2023\/05\/6MTENFA3IYBHO6VBF7DAOYCNFQ-1-600x338.jpg 600w\" sizes=\"(max-width: 1024px) 100vw, 1024px\" \/><figcaption>Sanatorio 24 de septiembre, Avellaneda.<\/figcaption><\/figure>\n\n\n\n<p>Como la mujer estaba sola, desde la cl\u00ednica avisaron a sus padres, Eulogio y Rosa, que al llegar encontraron a su hija convulsionando en una sala com\u00fan. \u201cNo me dieron ninguna explicaci\u00f3n concreta. Me dijeron que le hab\u00eda bajado la presi\u00f3n\u201d, dijo su mam\u00e1.<\/p>\n\n\n\n<p>Al encontrarse con esa situaci\u00f3n de desatenci\u00f3n, los padres de Cintia resolvieron pedir el traslado al Hospital Brit\u00e1nico, pero el tr\u00e1mite demor\u00f3 5 horas. \u201cDurante todo ese tiempo mi hija estuvo sin asistencia de ox\u00edgeno\u201d, relata Rosa.<\/p>\n\n\n\n<p>Cintia nunca recuper\u00f3 la conciencia. Estuvo internada 8 d\u00edas en el hospital Brit\u00e1nico donde finalmente muri\u00f3. Su familia reclama justicia y pide que se esclarezca lo que sucedi\u00f3 en el Sanatorio de Avellaneda, donde no se pudo ni siquiera empezar con la cirug\u00eda. Denuncian una clara mala praxis y una posterior falta de cuidados y los apuntados son los dos m\u00e9dicos que la atendieron, Raimundo Vigo y Leandro Vigo, que seg\u00fan los padres de la v\u00edctima, tienen antecedentes.<\/p>\n\n\n\n<p>Cintia era mam\u00e1 de 2 chicos, quer\u00eda un cambio est\u00e9tico y termin\u00f3 muerta aunque nunca hab\u00eda tenido un problema de salud. \u201cMi hija era re sana\u201d, dice con dolor Rosa. Por circunstancias que todav\u00eda nadie puede determinar, ya no est\u00e1 con ellos. Esperan la autopsia y tambi\u00e9n la justicia.<\/p>\n\n\n\n<figure class=\"wp-block-embed is-type-video is-provider-youtube wp-block-embed-youtube wp-embed-aspect-4-3 wp-has-aspect-ratio\"><div class=\"wp-block-embed__wrapper\">\n<iframe loading=\"lazy\" title=\"Denuncia de mala praxis en una sanatorio de Avellaneda\" width=\"640\" height=\"480\" src=\"https:\/\/www.youtube.com\/embed\/9y6bWJCJ9YI?feature=oembed\" frameborder=\"0\" allow=\"accelerometer; autoplay; clipboard-write; encrypted-media; gyroscope; picture-in-picture; web-share\" allowfullscreen><\/iframe>\n<\/div><\/figure>\n\n\n\n<p>Antonella, denuncia los mismos m\u00e9dicos que denuncia la familia de Cintia. <\/p>\n\n\n\n<p><\/p>\n","protected":false},"excerpt":{"rendered":"<p>La familia de una mujer de 34 a\u00f1os que muri\u00f3 cuando iba a hacerse una<\/p>\n","protected":false},"author":4,"featured_media":3515,"comment_status":"open","ping_status":"open","sticky":false,"template":"","format":"standard","meta":{"om_disable_all_campaigns":false,"_monsterinsights_skip_tracking":false,"_monsterinsights_sitenote_active":false,"_monsterinsights_sitenote_note":"","_monsterinsights_sitenote_category":0},"categories":[17],"tags":[],"aioseo_notices":[],"jetpack_featured_media_url":"https:\/\/defiendase.com\/wp-content\/uploads\/2023\/05\/WhatsApp-Image-2023-05-26-at-13.56.28.jpeg","post_mailing_queue_ids":[],"_links":{"self":[{"href":"https:\/\/defiendase.com\/index.php\/wp-json\/wp\/v2\/posts\/3512"}],"collection":[{"href":"https:\/\/defiendase.com\/index.php\/wp-json\/wp\/v2\/posts"}],"about":[{"href":"https:\/\/defiendase.com\/index.php\/wp-json\/wp\/v2\/types\/post"}],"author":[{"embeddable":true,"href":"https:\/\/defiendase.com\/index.php\/wp-json\/wp\/v2\/users\/4"}],"replies":[{"embeddable":true,"href":"https:\/\/defiendase.com\/index.php\/wp-json\/wp\/v2\/comments?post=3512"}],"version-history":[{"count":1,"href":"https:\/\/defiendase.com\/index.php\/wp-json\/wp\/v2\/posts\/3512\/revisions"}],"predecessor-version":[{"id":3516,"href":"https:\/\/defiendase.com\/index.php\/wp-json\/wp\/v2\/posts\/3512\/revisions\/3516"}],"wp:featuredmedia":[{"embeddable":true,"href":"https:\/\/defiendase.com\/index.php\/wp-json\/wp\/v2\/media\/3515"}],"wp:attachment":[{"href":"https:\/\/defiendase.com\/index.php\/wp-json\/wp\/v2\/media?parent=3512"}],"wp:term":[{"taxonomy":"category","embeddable":true,"href":"https:\/\/defiendase.com\/index.php\/wp-json\/wp\/v2\/categories?post=3512"},{"taxonomy":"post_tag","embeddable":true,"href":"https:\/\/defiendase.com\/index.php\/wp-json\/wp\/v2\/tags?post=3512"}],"curies":[{"name":"wp","href":"https:\/\/api.w.org\/{rel}","templated":true}]}}