{"id":3503,"date":"2023-05-24T17:37:41","date_gmt":"2023-05-24T20:37:41","guid":{"rendered":"https:\/\/defiendase.com\/?p=3503"},"modified":"2023-05-24T18:10:45","modified_gmt":"2023-05-24T21:10:45","slug":"polemica-por-el-policia-que-mato-al-ladron-que-dice-el-derecho","status":"publish","type":"post","link":"https:\/\/defiendase.com\/index.php\/polemica-por-el-policia-que-mato-al-ladron-que-dice-el-derecho\/","title":{"rendered":"Pol\u00e9mica por el polic\u00eda que mat\u00f3 al ladr\u00f3n: \u00bfQu\u00e9 dice el derecho?"},"content":{"rendered":"\n<p>En Moreno, un polic\u00eda de civil mat\u00f3 a un motochorro que le quer\u00eda robar la moto y por eso qued\u00f3 detenido, acusado de homicidio agravado por uso de arma de fuego.<\/p>\n\n\n\n<p>Una c\u00e1mara de seguridad ubicada en la parada de colectivos de Lugones y Payr\u00f3, en La Reja, grab\u00f3 como el oficial, ante la amenaza del delincuente, entrega la moto, toma distancia y le dispara varias veces por la espalda.<\/p>\n\n\n\n<figure class=\"wp-block-video\"><video controls src=\"https:\/\/defiendase.com\/wp-content\/uploads\/2023\/05\/ssstwitter.com_1684855699653.mp4\"><\/video><\/figure>\n\n\n\n<p><\/p>\n\n\n\n<p>Horas despu\u00e9s el polic\u00eda declar\u00f3 ante el fiscal y dijo que tuvo miedo por su vida y la de su novia, que estaba con \u00e9l. El fiscal rechaz\u00f3 un supuesto exceso en la leg\u00edtima defensa y le mantuvo la imputaci\u00f3n por homicidio agravado, pero lo dej\u00f3 en libertad por considerar que no hay riesgo de que entorpezca la causa.<\/p>\n\n\n\n<p>El abogado Fernando Soto, que represent\u00f3 al polic\u00eda Luis Chocobar explica por qu\u00e9 cree que la imputaci\u00f3n por homicidio es err\u00f3nea y que en realidad no hubo una ejecuci\u00f3n del delincuente sino un cumplimiento del deber por parte del agente.<\/p>\n\n\n\n<figure class=\"wp-block-video\"><video controls src=\"https:\/\/defiendase.com\/wp-content\/uploads\/2023\/05\/Fernando-Soto-abogado-penalista.mp4\"><\/video><\/figure>\n","protected":false},"excerpt":{"rendered":"<p>En Moreno, un polic\u00eda de civil mat\u00f3 a un motochorro que le quer\u00eda robar la<\/p>\n","protected":false},"author":4,"featured_media":3508,"comment_status":"open","ping_status":"open","sticky":false,"template":"","format":"standard","meta":{"om_disable_all_campaigns":false,"_monsterinsights_skip_tracking":false,"_monsterinsights_sitenote_active":false,"_monsterinsights_sitenote_note":"","_monsterinsights_sitenote_category":0},"categories":[9],"tags":[],"aioseo_notices":[],"jetpack_featured_media_url":"https:\/\/defiendase.com\/wp-content\/uploads\/2023\/05\/un-policia-de-civil-mato-por-la-espalda-a-un-motochorro-20230522-1573441-1.jpg","post_mailing_queue_ids":[],"_links":{"self":[{"href":"https:\/\/defiendase.com\/index.php\/wp-json\/wp\/v2\/posts\/3503"}],"collection":[{"href":"https:\/\/defiendase.com\/index.php\/wp-json\/wp\/v2\/posts"}],"about":[{"href":"https:\/\/defiendase.com\/index.php\/wp-json\/wp\/v2\/types\/post"}],"author":[{"embeddable":true,"href":"https:\/\/defiendase.com\/index.php\/wp-json\/wp\/v2\/users\/4"}],"replies":[{"embeddable":true,"href":"https:\/\/defiendase.com\/index.php\/wp-json\/wp\/v2\/comments?post=3503"}],"version-history":[{"count":2,"href":"https:\/\/defiendase.com\/index.php\/wp-json\/wp\/v2\/posts\/3503\/revisions"}],"predecessor-version":[{"id":3510,"href":"https:\/\/defiendase.com\/index.php\/wp-json\/wp\/v2\/posts\/3503\/revisions\/3510"}],"wp:featuredmedia":[{"embeddable":true,"href":"https:\/\/defiendase.com\/index.php\/wp-json\/wp\/v2\/media\/3508"}],"wp:attachment":[{"href":"https:\/\/defiendase.com\/index.php\/wp-json\/wp\/v2\/media?parent=3503"}],"wp:term":[{"taxonomy":"category","embeddable":true,"href":"https:\/\/defiendase.com\/index.php\/wp-json\/wp\/v2\/categories?post=3503"},{"taxonomy":"post_tag","embeddable":true,"href":"https:\/\/defiendase.com\/index.php\/wp-json\/wp\/v2\/tags?post=3503"}],"curies":[{"name":"wp","href":"https:\/\/api.w.org\/{rel}","templated":true}]}}