{"id":3327,"date":"2023-04-05T15:09:31","date_gmt":"2023-04-05T18:09:31","guid":{"rendered":"https:\/\/defiendase.com\/?p=3327"},"modified":"2023-04-05T15:09:33","modified_gmt":"2023-04-05T18:09:33","slug":"la-nueva-campana-de-unicef-guardavidasdelainfancia-que-acompana-a-los-mas-vulnerables-los-ninos","status":"publish","type":"post","link":"https:\/\/defiendase.com\/index.php\/la-nueva-campana-de-unicef-guardavidasdelainfancia-que-acompana-a-los-mas-vulnerables-los-ninos\/","title":{"rendered":"La nueva campa\u00f1a de UNICEF #GuardavidasDeLaInfancia que acompa\u00f1a a los m\u00e1s vulnerables, los ni\u00f1os."},"content":{"rendered":"\n<p>UNICEF Argentina lanzo la campa\u00f1a #GuardavidasDeLaInfancia para unirnos en un objetivo com\u00fan: luchar por los derechos de todas las infancias y adolescencias del pa\u00eds. Esta campa\u00f1a est\u00e1 dirigida a la poblaci\u00f3n adulta, que puede contribuir desde su posici\u00f3n y recursos a garantizar estos derechos. Desde el Estado hasta los ciudadanos comunes, todos debemos comprometernos, ya que estamos en deuda con las nuevas generaciones, que muchas veces est\u00e1n en riesgo de no tener acceso a una alimentaci\u00f3n adecuada, de no completar su educaci\u00f3n secundaria, de experimentar violencia en el hogar o recibir cuidados inapropiados durante sus primeros a\u00f1os de vida.<\/p>\n\n\n\n<p>La campa\u00f1a toma estos cuatro peligros (aunque hay muchos m\u00e1s), en un pa\u00eds en el que seg\u00fan cifras oficiales hay&nbsp;casi 7millonesde chicos&nbsp;que viven en hogares donde los&nbsp;ingresos no alcanzan&nbsp;a cubrir una canasta b\u00e1sica.&nbsp;<\/p>\n\n\n\n<p>Infancia Malnutrida:<\/p>\n\n\n\n<p>M\u00e1s de un mill\u00f3n de ni\u00f1os y adolescentes no pueden disfrutar de una comida completa todos los d\u00edas debido a la falta de ingresos familiares, lo que representa un riesgo para su desarrollo pleno. La encuesta m\u00e1s reciente de UNICEF sobre la situaci\u00f3n de la ni\u00f1ez y adolescencia muestra que la falta de ingresos tambi\u00e9n tiene un impacto negativo en la calidad de la dieta de estos ni\u00f1os, con una reducci\u00f3n del 67% en el consumo de carne y del 40% en la ingesta de frutas, verduras y l\u00e1cteos. En los barrios populares, los alimentos frescos son lo primero en ser sacrificado cuando el presupuesto se ajusta.<\/p>\n\n\n\n<p>Infancia analfabeta<\/p>\n\n\n\n<p>La situaci\u00f3n educativa es preocupante debido a que seg\u00fan el Censo de 2010, alrededor de 500 mil ni\u00f1os y adolescentes de 12 a 17 a\u00f1os no van a la escuela. Adem\u00e1s, de los que s\u00ed asisten, el 30% lo hace con atraso escolar, seg\u00fan la Encuesta de Indicadores M\u00faltiples por Conglomerados (MICS) de UNICEF en 2020. En los sectores m\u00e1s vulnerables, la mitad de los j\u00f3venes no logran terminar la escuela secundaria.<\/p>\n\n\n\n<p>Infancia Maltratada<\/p>\n\n\n\n<p>El tercer aspecto de la campa\u00f1a se enfoca en la violencia. A pesar de que la mayor\u00eda de las personas encargadas de la crianza de los ni\u00f1os est\u00e1 de acuerdo en que no se debe recurrir a la violencia, casi el 60% de los hogares del pa\u00eds utilizan m\u00e9todos violentos de crianza, como insultos y castigos f\u00edsicos. La violencia es un problema presente en todas las clases sociales, afecta a todas las edades y es especialmente preocupante durante los primeros a\u00f1os de vida.<\/p>\n\n\n\n<p>Infancia Descuidada<\/p>\n\n\n\n<p>El \u00faltimo riesgo se relaciona con la calidad de los cuidados que se brindan durante la infancia. Se estima que alrededor de 300,000 ni\u00f1os de 0 a 3 a\u00f1os se quedan solos o al cuidado de sus hermanos menores, lo que a menudo significa que estos \u00faltimos abandonan su propia educaci\u00f3n. Las responsabilidades de cuidado recaen en gran medida en las familias, y especialmente en las mujeres. Solo el 19% de los ni\u00f1os de 0 a 3 a\u00f1os tienen acceso a servicios de educaci\u00f3n y cuidado en los primeros a\u00f1os de vida. La campa\u00f1a #GuardavidasDeLaInfancia busca llamar la atenci\u00f3n sobre este problema y movilizar a la sociedad para garantizar un cuidado de calidad para todos los ni\u00f1os y ni\u00f1as en sus primeros a\u00f1os de vida.<\/p>\n\n\n\n<p>Desde UNICEF, la nueva iniciativa hace un llamado para que los adultos est\u00e9n informados e involucrados con los ni\u00f1os, ni\u00f1as y adolescentes, haci\u00e9ndose responsables de sacarlos del peligro ante la vulnerabilidad de sus derechos y tambi\u00e9n convirti\u00e9ndose en una contenci\u00f3n para los m\u00e1s peque\u00f1os.<\/p>\n","protected":false},"excerpt":{"rendered":"<p>UNICEF Argentina lanzo la campa\u00f1a #GuardavidasDeLaInfancia para unirnos en un objetivo com\u00fan: luchar por los<\/p>\n","protected":false},"author":4,"featured_media":3328,"comment_status":"open","ping_status":"open","sticky":false,"template":"","format":"standard","meta":{"om_disable_all_campaigns":false,"_monsterinsights_skip_tracking":false,"_monsterinsights_sitenote_active":false,"_monsterinsights_sitenote_note":"","_monsterinsights_sitenote_category":0},"categories":[6,17],"tags":[257,258,256],"aioseo_notices":[],"jetpack_featured_media_url":"https:\/\/defiendase.com\/wp-content\/uploads\/2023\/04\/UN0781435_2.jpg","post_mailing_queue_ids":[],"_links":{"self":[{"href":"https:\/\/defiendase.com\/index.php\/wp-json\/wp\/v2\/posts\/3327"}],"collection":[{"href":"https:\/\/defiendase.com\/index.php\/wp-json\/wp\/v2\/posts"}],"about":[{"href":"https:\/\/defiendase.com\/index.php\/wp-json\/wp\/v2\/types\/post"}],"author":[{"embeddable":true,"href":"https:\/\/defiendase.com\/index.php\/wp-json\/wp\/v2\/users\/4"}],"replies":[{"embeddable":true,"href":"https:\/\/defiendase.com\/index.php\/wp-json\/wp\/v2\/comments?post=3327"}],"version-history":[{"count":1,"href":"https:\/\/defiendase.com\/index.php\/wp-json\/wp\/v2\/posts\/3327\/revisions"}],"predecessor-version":[{"id":3329,"href":"https:\/\/defiendase.com\/index.php\/wp-json\/wp\/v2\/posts\/3327\/revisions\/3329"}],"wp:featuredmedia":[{"embeddable":true,"href":"https:\/\/defiendase.com\/index.php\/wp-json\/wp\/v2\/media\/3328"}],"wp:attachment":[{"href":"https:\/\/defiendase.com\/index.php\/wp-json\/wp\/v2\/media?parent=3327"}],"wp:term":[{"taxonomy":"category","embeddable":true,"href":"https:\/\/defiendase.com\/index.php\/wp-json\/wp\/v2\/categories?post=3327"},{"taxonomy":"post_tag","embeddable":true,"href":"https:\/\/defiendase.com\/index.php\/wp-json\/wp\/v2\/tags?post=3327"}],"curies":[{"name":"wp","href":"https:\/\/api.w.org\/{rel}","templated":true}]}}