{"id":3313,"date":"2023-03-21T18:36:05","date_gmt":"2023-03-21T21:36:05","guid":{"rendered":"https:\/\/defiendase.com\/?p=3313"},"modified":"2023-05-02T18:25:48","modified_gmt":"2023-05-02T21:25:48","slug":"justicia-de-familia-cambia-algo-el-indice-de-crianza","status":"publish","type":"post","link":"https:\/\/defiendase.com\/index.php\/justicia-de-familia-cambia-algo-el-indice-de-crianza\/","title":{"rendered":"Justicia de familia: \u00bfCambia algo el \u00ab\u00cdndice de crianza\u00bb?"},"content":{"rendered":"\n<p>El Gobierno acaba de lanzar el \u00cdndice de crianza, un indicador que manejar\u00e1 el Indec y que reflejar\u00e1, a nivel general, el costo de bienes y servicios esenciales en los cuidados de ni\u00f1os, ni\u00f1as y adolescentes. Con eso se intentar\u00e1 definir el valor de las cuotas alimentarias en los procesos de divorcio o separaci\u00f3n.<\/p>\n\n\n\n<p>Seg\u00fan detall\u00f3 Sergio Massa, se ajustar\u00e1 por inflaci\u00f3n todos los meses y ser\u00e1 tomado como un valor de referencia. Para eso, el ministro de Econom\u00eda anticip\u00f3 que le pedir\u00e1 a la Corte Suprema que dicte una acordada que establezca su aplicaci\u00f3n obligatoria en el \u00e1mbito de la Justicia de familia.<\/p>\n\n\n\n<p>Sin embargo, los especialistas son cautos y esperan a ver c\u00f3mo se instrumenta. En primer lugar, porque&nbsp; la cuota se fija, en general, en base a la capacidad de ambos progenitores y a las necesidades de los hijos y no se ajusta a un mero \u00edndice estad\u00edstico. No es lo mismo un padre asalariado que un empresario que vive en un barrio privado. Y en segundo lugar, porque sostienen que no es m\u00e1s que un par\u00e1metro que no ayuda, finalmente, a que se cumpla la cuota alimentaria.<\/p>\n\n\n\n<p>Seg\u00fan dijo Massa en su presentaci\u00f3n, hay 1,6 millones de madres y m\u00e1s de 3 millones de chicos que no reciben la cuota alimentaria. Seg\u00fan datos de Unicef, en 2021 el 50,2% de los hogares monoparentales no hab\u00eda recibido aportes del otro progenitor para mantener a los hijos.<\/p>\n\n\n\n<p>El abogado Federico Godoy nos explica su posici\u00f3n y los alcances que puede tener el nuevo \u00edndice.<\/p>\n\n\n\n<figure class=\"wp-block-embed is-type-video is-provider-youtube wp-block-embed-youtube wp-embed-aspect-16-9 wp-has-aspect-ratio\"><div class=\"wp-block-embed__wrapper\">\n<iframe loading=\"lazy\" title=\"Justicia de Familia\" width=\"640\" height=\"360\" src=\"https:\/\/www.youtube.com\/embed\/ObGlaP3Zj5A?feature=oembed\" frameborder=\"0\" allow=\"accelerometer; autoplay; clipboard-write; encrypted-media; gyroscope; picture-in-picture; web-share\" allowfullscreen><\/iframe>\n<\/div><\/figure>\n","protected":false},"excerpt":{"rendered":"<p>El Gobierno acaba de lanzar el \u00cdndice de crianza, un indicador que manejar\u00e1 el Indec<\/p>\n","protected":false},"author":4,"featured_media":3314,"comment_status":"open","ping_status":"open","sticky":false,"template":"","format":"standard","meta":{"om_disable_all_campaigns":false,"_monsterinsights_skip_tracking":false,"_monsterinsights_sitenote_active":false,"_monsterinsights_sitenote_note":"","_monsterinsights_sitenote_category":0},"categories":[252],"tags":[],"aioseo_notices":[],"jetpack_featured_media_url":"https:\/\/defiendase.com\/wp-content\/uploads\/2023\/03\/WhatsApp-Image-2023-03-21-at-18.04.59.jpeg","post_mailing_queue_ids":[],"_links":{"self":[{"href":"https:\/\/defiendase.com\/index.php\/wp-json\/wp\/v2\/posts\/3313"}],"collection":[{"href":"https:\/\/defiendase.com\/index.php\/wp-json\/wp\/v2\/posts"}],"about":[{"href":"https:\/\/defiendase.com\/index.php\/wp-json\/wp\/v2\/types\/post"}],"author":[{"embeddable":true,"href":"https:\/\/defiendase.com\/index.php\/wp-json\/wp\/v2\/users\/4"}],"replies":[{"embeddable":true,"href":"https:\/\/defiendase.com\/index.php\/wp-json\/wp\/v2\/comments?post=3313"}],"version-history":[{"count":3,"href":"https:\/\/defiendase.com\/index.php\/wp-json\/wp\/v2\/posts\/3313\/revisions"}],"predecessor-version":[{"id":3400,"href":"https:\/\/defiendase.com\/index.php\/wp-json\/wp\/v2\/posts\/3313\/revisions\/3400"}],"wp:featuredmedia":[{"embeddable":true,"href":"https:\/\/defiendase.com\/index.php\/wp-json\/wp\/v2\/media\/3314"}],"wp:attachment":[{"href":"https:\/\/defiendase.com\/index.php\/wp-json\/wp\/v2\/media?parent=3313"}],"wp:term":[{"taxonomy":"category","embeddable":true,"href":"https:\/\/defiendase.com\/index.php\/wp-json\/wp\/v2\/categories?post=3313"},{"taxonomy":"post_tag","embeddable":true,"href":"https:\/\/defiendase.com\/index.php\/wp-json\/wp\/v2\/tags?post=3313"}],"curies":[{"name":"wp","href":"https:\/\/api.w.org\/{rel}","templated":true}]}}