{"id":3309,"date":"2023-03-21T17:58:51","date_gmt":"2023-03-21T20:58:51","guid":{"rendered":"https:\/\/defiendase.com\/?p=3309"},"modified":"2023-03-21T17:58:55","modified_gmt":"2023-03-21T20:58:55","slug":"un-estado-que-entierra-el-sueno-de-la-casa-propia","status":"publish","type":"post","link":"https:\/\/defiendase.com\/index.php\/un-estado-que-entierra-el-sueno-de-la-casa-propia\/","title":{"rendered":"Un Estado que entierra el sue\u00f1o de la casa propia"},"content":{"rendered":"\n<p>Miles de familias salieron sorteadas para la l\u00ednea &#8216;Construcci\u00f3n&#8217; del Procrear II en junio del a\u00f1o pasado, sin embargo todav\u00eda se encuentran a la espera del desembolso y no obtienen respuestas de las autoridades nacionales mientras los materiales no paran de aumentar.<\/p>\n\n\n\n<p>Lo que en principio se plante\u00f3 como un programa federal para brindar soluciones habitacionales en todo el pa\u00eds, result\u00f3 ser un dolor de cabeza para las miles de familias que salieron sorteadas en el Procrear II y a\u00fan contin\u00faan esperando el otorgamiento del cr\u00e9dito para cumplir el sue\u00f1o de la casa propia. \u201cEntiendan nuestra desesperaci\u00f3n siendo que diariamente aumentan los materiales y el costo de vida\u201d, manifestaron.<\/p>\n\n\n\n<p>Uno de los tantos argentinos que salieron sorteados el 22 de junio de 2022 para la l\u00ednea &#8216;Construcci\u00f3n&#8217; es Juan Manuel de la Rosa. El j\u00f3ven coment\u00f3 que \u201cdesde ese momento, nunca m\u00e1s se comunicaron; cuando consultas no tienen respuestas claras, no te dicen plazos, nada\u201d e insisti\u00f3: \u201cNo tenemos respuestas de ning\u00fan tipo, solo copian y pegan un mail de respuesta y nos mandan a todos lo mismo\u201d.<\/p>\n\n\n\n<p>En ese sentido, explic\u00f3 que se dirigi\u00f3 al Banco Hipotecario, donde le dijeron que desde el Gobierno no les est\u00e1n pasando los fondos para realizar el desembolso. \u201cYa no sabemos d\u00f3nde m\u00e1s reclamar y encima el tema de la inflaci\u00f3n es terrible. El monto no va a ser lo mismo ahora que si nos lo hubieran dado en junio de 2022\u201d, asegura.<\/p>\n\n\n\n<p>Los beneficiarios del programa que se encuentran en la misma situaci\u00f3n se unieron para presentar diferentes notas al Ministerio de Desarrollo Territorial y H\u00e1bitat, aunque en ninguna oportunidad recibieron una respuesta, ni durante el ciclo de Jorge Ferraresi ni en la actual gesti\u00f3n a cargo de Santiago Maggiotti.<\/p>\n\n\n\n<p>En las notas, los ciudadanos perjudicados le reclamaron a las autoridades nacionales \u201cque tenga a bien informarnos la situaci\u00f3n real de la adjudicaci\u00f3n de los cr\u00e9ditos de cada una de las familias ya habiendo solicitado dicha informaci\u00f3n por los diferentes canales publicados sin tener respuestas concretas a nuestra solicitud\u201d.<\/p>\n\n\n\n<p>Juan Manuel de la Rosa, en di\u00e1logo con Bendito Conurbano, dio a conocer su situaci\u00f3n personal: \u201cAhora estoy viviendo en la casa de mi madre. Ten\u00eda el terreno y quer\u00eda empezar a construir. Sal\u00ed sorteado y aprobaron todos los tr\u00e1mites del cr\u00e9dito, pero pasan los meses y no lo entregan, te dicen que est\u00e1 pendiente de liquidaci\u00f3n y no mucho m\u00e1s. Cuando les pregunt\u00e1s si hay alg\u00fan plazo, no saben\u201d.<\/p>\n\n\n\n<p>A su vez, el joven que sali\u00f3 sorteado a mediados del a\u00f1o pasado sostuvo que \u201csin el cr\u00e9dito se hace imposible avanzar en la construcci\u00f3n\u201d y dej\u00f3 en evidencia su preocupaci\u00f3n por el encarecimiento de los materiales y del costo de vida a partir de la evoluci\u00f3n inflacionaria. \u201cNunca nos dijeron que se vaya a actualizar el monto, con m\u00e1s raz\u00f3n el apuro que tenemos en que lo acrediten urgente\u201d, sentenci\u00f3 el joven.<\/p>\n\n\n\n<figure class=\"wp-block-embed is-type-video is-provider-youtube wp-block-embed-youtube wp-embed-aspect-16-9 wp-has-aspect-ratio\"><div class=\"wp-block-embed__wrapper\">\n<iframe loading=\"lazy\" title=\"Un Estado que entierra el sue\u00f1o de la casa propia\" width=\"640\" height=\"360\" src=\"https:\/\/www.youtube.com\/embed\/MeVz9ZH7a3Y?feature=oembed\" frameborder=\"0\" allow=\"accelerometer; autoplay; clipboard-write; encrypted-media; gyroscope; picture-in-picture; web-share\" allowfullscreen><\/iframe>\n<\/div><\/figure>\n","protected":false},"excerpt":{"rendered":"<p>Miles de familias salieron sorteadas para la l\u00ednea &#8216;Construcci\u00f3n&#8217; del Procrear II en junio del<\/p>\n","protected":false},"author":4,"featured_media":3311,"comment_status":"open","ping_status":"open","sticky":false,"template":"","format":"standard","meta":{"om_disable_all_campaigns":false,"_monsterinsights_skip_tracking":false,"_monsterinsights_sitenote_active":false,"_monsterinsights_sitenote_note":"","_monsterinsights_sitenote_category":0},"categories":[251],"tags":[],"aioseo_notices":[],"jetpack_featured_media_url":"https:\/\/defiendase.com\/wp-content\/uploads\/2023\/03\/plan-nacional-vivienda-procrear.jpg","post_mailing_queue_ids":[],"_links":{"self":[{"href":"https:\/\/defiendase.com\/index.php\/wp-json\/wp\/v2\/posts\/3309"}],"collection":[{"href":"https:\/\/defiendase.com\/index.php\/wp-json\/wp\/v2\/posts"}],"about":[{"href":"https:\/\/defiendase.com\/index.php\/wp-json\/wp\/v2\/types\/post"}],"author":[{"embeddable":true,"href":"https:\/\/defiendase.com\/index.php\/wp-json\/wp\/v2\/users\/4"}],"replies":[{"embeddable":true,"href":"https:\/\/defiendase.com\/index.php\/wp-json\/wp\/v2\/comments?post=3309"}],"version-history":[{"count":1,"href":"https:\/\/defiendase.com\/index.php\/wp-json\/wp\/v2\/posts\/3309\/revisions"}],"predecessor-version":[{"id":3312,"href":"https:\/\/defiendase.com\/index.php\/wp-json\/wp\/v2\/posts\/3309\/revisions\/3312"}],"wp:featuredmedia":[{"embeddable":true,"href":"https:\/\/defiendase.com\/index.php\/wp-json\/wp\/v2\/media\/3311"}],"wp:attachment":[{"href":"https:\/\/defiendase.com\/index.php\/wp-json\/wp\/v2\/media?parent=3309"}],"wp:term":[{"taxonomy":"category","embeddable":true,"href":"https:\/\/defiendase.com\/index.php\/wp-json\/wp\/v2\/categories?post=3309"},{"taxonomy":"post_tag","embeddable":true,"href":"https:\/\/defiendase.com\/index.php\/wp-json\/wp\/v2\/tags?post=3309"}],"curies":[{"name":"wp","href":"https:\/\/api.w.org\/{rel}","templated":true}]}}