{"id":3299,"date":"2023-03-15T17:15:51","date_gmt":"2023-03-15T20:15:51","guid":{"rendered":"https:\/\/defiendase.com\/?p=3299"},"modified":"2023-03-15T17:19:21","modified_gmt":"2023-03-15T20:19:21","slug":"luana-volnovich-lanzamos-el-nuevo-plan-de-medicos-de-cabecera-pami-para-una-atencion-mas-rapida-y-con-menos-tramites","status":"publish","type":"post","link":"https:\/\/defiendase.com\/index.php\/luana-volnovich-lanzamos-el-nuevo-plan-de-medicos-de-cabecera-pami-para-una-atencion-mas-rapida-y-con-menos-tramites\/","title":{"rendered":"Luana Volnovich: \u00abLanzamos el nuevo plan de m\u00e9dicos de cabecera PAMI para una atenci\u00f3n m\u00e1s r\u00e1pida y con menos tr\u00e1mites\u00bb"},"content":{"rendered":"\n<p>En el marco del tercer aniversario del lanzamiento del Plan Medicamentos Gratis, PAMI ha anunciado hoy, durante un evento celebrado en la Facultad de Medicina de la UBA, el lanzamiento del nuevo modelo de m\u00e9dicos de cabecera que le permitir\u00e1 a las afiliadas y los afiliados acceder a una atenci\u00f3n personalizada y de calidad.<\/p>\n\n\n\n<p>\u00abCon el Nuevo Plan de M\u00e9dicos de Cabecera PAMI garantizamos menos tr\u00e1mites y atenci\u00f3n m\u00e1s r\u00e1pida \u00ab, se\u00f1al\u00f3 la titular de PAMI, Luana Volnovich que estuvo acompa\u00f1ada de Ricardo Gelpi, rector de la Universidad Nacional de Buenos Aires; Mart\u00edn Rodr\u00edguez, subdirector ejecutivo de PAMI; Carlos Rojo, presidente de la Asociaci\u00f3n de M\u00e9dicos Municipales y Luis Ignacio Brusco, decano de la Facultad de Ciencias M\u00e9dicas de la UBA.<\/p>\n\n\n\n<p>\u201cNuestro pa\u00eds se encuentra en v\u00edas de desarrollo y tiene una expectativa de vida similar a la de los pa\u00edses desarrollados y eso es en gran parte gracias a PAMI y a sus m\u00e9dicos de cabecera, por eso para nosotros es un honor esta colaboraci\u00f3n entre la Facultad y la obra social\u201d, se\u00f1al\u00f3 Brusco.<\/p>\n\n\n\n<p>Lo novedoso del nuevo modelo es que se ha implementado un sistema mixto que combina la asignaci\u00f3n fija mensual con una retribuci\u00f3n adicional por consultas especiales. Esta iniciativa aumentar\u00e1 la cantidad de turnos disponibles y mejorar\u00e1 esta herramienta que permite seguir la trayectoria m\u00e9dica de nuestras afiliadas y afiliados.<\/p>\n\n\n\n<p>El Nuevo Plan incluye:<\/p>\n\n\n\n<ul><li>El aumento del valor de las consultas hasta un 600% para fortalecer y sumar a los mejores profesionales a la red PAMI.<\/li><li>Sumamos el pago por cada consulta atendida y sostenemos el pago fijo para tareas administrativas.<\/li><li>La simplificaci\u00f3n y digitalizaci\u00f3n de tr\u00e1mites. Los afiliados ya no deber\u00e1n ir a las agencias para autorizar los insumos que indican los m\u00e9dicos\/as sus m\u00e9dicos de cabecera.<\/li><li>La creaci\u00f3n de la ficha cl\u00ednica digital para que el m\u00e9dico de cabecera pueda acceder a los antecedentes del afiliado\/a.<\/li><li>Finalmente, con el Programa de Formaci\u00f3n Continua, a cargo de la UBA, promovemos que nuestras m\u00e9dicas y m\u00e9dicos est\u00e9n permanentemente actualizados.<\/li><\/ul>\n\n\n\n<p>Durante la presentaci\u00f3n de la medida, Volnovich realiz\u00f3 un balance de su gesti\u00f3n en el que destac\u00f3 la puesta en marcha de los Medicamentos Gratis que permite a m\u00e1s de 4 millones de afiliadas y afiliados ahorrar en promedio casi $10.000 mensuales. &nbsp;\u201cUna medida que restituye el derecho de acceso a la salud de todas las jubiladas y jubilados del pa\u00eds. Hoy es la mejor cobertura en medicamentos de todo el pa\u00eds\u201d, se\u00f1al\u00f3 la titular de la obra social. A partir de una inversi\u00f3n que supera los $420 mil millones, actualmente 4 de cada 10 personas afiliadas reciben todos sus medicamentos de manera gratuita, y 9 de cada 10 personas afiliadas reciben al menos 1 medicamento gratis.<\/p>\n\n\n\n<p>Luego, la funcionaria ponder\u00f3 la campa\u00f1a de vacunaci\u00f3n que permiti\u00f3 salvar vidas durante la pandemia. &nbsp;Y se\u00f1al\u00f3 que en materia de inmunizaci\u00f3n se trata de la \u201cgesta m\u00e1s grande de la que tengamos memoria\u201d. PAMI vacun\u00f3 en todas las residencias de larga estad\u00eda de la provincia de Buenos Aires y trabaj\u00f3 de manera articulada con distintos distritos del pa\u00eds.<\/p>\n\n\n\n<p>Por \u00faltimo, Volnovich resalt\u00f3 la implementaci\u00f3n de \u201cLa libertad de elegir\u201d, el nuevo modelo de atenci\u00f3n m\u00e9dica que permiti\u00f3 que se otorgaran m\u00e1s de 17 millones de turnos en especialistas y m\u00e1s de 27 millones de turnos en diagn\u00f3stico por im\u00e1genes.&nbsp; Ahora las y los afiliados pueden elegir a sus m\u00e9dicos especialistas, centro de diagn\u00f3stico por im\u00e1genes, centro oftalmol\u00f3gico, \u00f3ptica, centro odontol\u00f3gico y centro auditivo; de esta manera consiguen sus turnos m\u00e1s r\u00e1pido y reciben una mejor calidad de atenci\u00f3n.<\/p>\n\n\n\n<p>Durante la jornada tambi\u00e9n estuvieron presentes autoridades de la Universidad Nacional de Buenos Aires, autoridades nacionales y locales de PAMI, representantes de DOSUBA, UBATEC y Asociaci\u00f3n de M\u00e9dicos Municipales. Tambi\u00e9n participaron secretarias y secretarios de salud municipales; m\u00e9dicas y m\u00e9dicos de cabecera, m\u00e9dicos de los hospitales propios de PAMI, y personas afiliadas.<\/p>\n\n\n\n<figure class=\"wp-block-image size-large\"><img loading=\"lazy\" width=\"1024\" height=\"681\" src=\"https:\/\/defiendase.com\/wp-content\/uploads\/2023\/03\/WhatsApp-Image-2023-03-15-at-11.49.09-1024x681.jpeg\" alt=\"\" class=\"wp-image-3301\" srcset=\"https:\/\/defiendase.com\/wp-content\/uploads\/2023\/03\/WhatsApp-Image-2023-03-15-at-11.49.09-1024x681.jpeg 1024w, https:\/\/defiendase.com\/wp-content\/uploads\/2023\/03\/WhatsApp-Image-2023-03-15-at-11.49.09-300x200.jpeg 300w, https:\/\/defiendase.com\/wp-content\/uploads\/2023\/03\/WhatsApp-Image-2023-03-15-at-11.49.09-768x511.jpeg 768w, https:\/\/defiendase.com\/wp-content\/uploads\/2023\/03\/WhatsApp-Image-2023-03-15-at-11.49.09-1536x1021.jpeg 1536w, https:\/\/defiendase.com\/wp-content\/uploads\/2023\/03\/WhatsApp-Image-2023-03-15-at-11.49.09-600x399.jpeg 600w, https:\/\/defiendase.com\/wp-content\/uploads\/2023\/03\/WhatsApp-Image-2023-03-15-at-11.49.09.jpeg 1600w\" sizes=\"(max-width: 1024px) 100vw, 1024px\" \/><\/figure>\n\n\n\n<p><\/p>\n","protected":false},"excerpt":{"rendered":"<p>En el marco del tercer aniversario del lanzamiento del Plan Medicamentos Gratis, PAMI ha anunciado<\/p>\n","protected":false},"author":4,"featured_media":3300,"comment_status":"open","ping_status":"open","sticky":false,"template":"","format":"standard","meta":{"om_disable_all_campaigns":false,"_monsterinsights_skip_tracking":false,"_monsterinsights_sitenote_active":false,"_monsterinsights_sitenote_note":"","_monsterinsights_sitenote_category":0},"categories":[2],"tags":[],"aioseo_notices":[],"jetpack_featured_media_url":"https:\/\/defiendase.com\/wp-content\/uploads\/2023\/03\/WhatsApp-Image-2023-03-15-at-11.49.08.jpeg","post_mailing_queue_ids":[],"_links":{"self":[{"href":"https:\/\/defiendase.com\/index.php\/wp-json\/wp\/v2\/posts\/3299"}],"collection":[{"href":"https:\/\/defiendase.com\/index.php\/wp-json\/wp\/v2\/posts"}],"about":[{"href":"https:\/\/defiendase.com\/index.php\/wp-json\/wp\/v2\/types\/post"}],"author":[{"embeddable":true,"href":"https:\/\/defiendase.com\/index.php\/wp-json\/wp\/v2\/users\/4"}],"replies":[{"embeddable":true,"href":"https:\/\/defiendase.com\/index.php\/wp-json\/wp\/v2\/comments?post=3299"}],"version-history":[{"count":3,"href":"https:\/\/defiendase.com\/index.php\/wp-json\/wp\/v2\/posts\/3299\/revisions"}],"predecessor-version":[{"id":3305,"href":"https:\/\/defiendase.com\/index.php\/wp-json\/wp\/v2\/posts\/3299\/revisions\/3305"}],"wp:featuredmedia":[{"embeddable":true,"href":"https:\/\/defiendase.com\/index.php\/wp-json\/wp\/v2\/media\/3300"}],"wp:attachment":[{"href":"https:\/\/defiendase.com\/index.php\/wp-json\/wp\/v2\/media?parent=3299"}],"wp:term":[{"taxonomy":"category","embeddable":true,"href":"https:\/\/defiendase.com\/index.php\/wp-json\/wp\/v2\/categories?post=3299"},{"taxonomy":"post_tag","embeddable":true,"href":"https:\/\/defiendase.com\/index.php\/wp-json\/wp\/v2\/tags?post=3299"}],"curies":[{"name":"wp","href":"https:\/\/api.w.org\/{rel}","templated":true}]}}