{"id":3277,"date":"2023-03-10T16:44:33","date_gmt":"2023-03-10T19:44:33","guid":{"rendered":"https:\/\/defiendase.com\/?p=3277"},"modified":"2023-05-02T16:48:34","modified_gmt":"2023-05-02T19:48:34","slug":"se-separaron-ella-se-quedo-en-la-casa-que-ambos-habian-comprado-y-ahora-debe-indemnizarlo-por-los-meses-que-la-ocupo","status":"publish","type":"post","link":"https:\/\/defiendase.com\/index.php\/se-separaron-ella-se-quedo-en-la-casa-que-ambos-habian-comprado-y-ahora-debe-indemnizarlo-por-los-meses-que-la-ocupo\/","title":{"rendered":"Se separaron, ella se qued\u00f3 en la casa que ambos hab\u00edan comprado y ahora debe indemnizarlo por los meses que la ocup\u00f3"},"content":{"rendered":"\n<p> &nbsp;&nbsp;&nbsp;&nbsp;&nbsp;&nbsp;&nbsp;&nbsp;&nbsp;&nbsp;&nbsp; La Justicia dispuso que una mujer deber\u00e1 pagarle a su ex marido un canon locativo en d\u00f3lares por el uso exclusivo que ella hizo de la casa donde hab\u00edan convivido. El monto reclamado por el demandante era el equivalente al 100% del valor locativo mensual, porque invocaba que era un inmueble de car\u00e1cter propio de \u00e9l, pero la jueza termin\u00f3 concediendo el 50% del valor locativo por entender que el inmueble, seg\u00fan la documentaci\u00f3n aportada, era de car\u00e1cter ganancial. Con ese alcance, fij\u00f3 el canon locativo en un promedio de unos 1275 d\u00f3lares por mes por el per\u00edodo comprendido desde diciembre de 2020 hasta octubre de 2022, cuando la mujer desocup\u00f3 la vivienda.<\/p>\n\n\n\n<p>El abogado Andr\u00e9s Beccar Varela nos explica qu\u00e9 pasa cuando en una separaci\u00f3n de un matrimonio sin hijos, una de las partes se queda ocupando la casa familiar que fue comprada por ambos despu\u00e9s del matrimonio.<\/p>\n\n\n\n<figure class=\"wp-block-embed is-type-video is-provider-youtube wp-block-embed-youtube wp-embed-aspect-16-9 wp-has-aspect-ratio\"><div class=\"wp-block-embed__wrapper\">\n<iframe loading=\"lazy\" title=\"Se qued\u00f3 en la casa que ambos hab\u00edan comprado y ahora debe indemnizarlo por lo meses que la ocup\u00f3.\" width=\"640\" height=\"360\" src=\"https:\/\/www.youtube.com\/embed\/Fr5ZLI9slX0?feature=oembed\" frameborder=\"0\" allow=\"accelerometer; autoplay; clipboard-write; encrypted-media; gyroscope; picture-in-picture; web-share\" allowfullscreen><\/iframe>\n<\/div><figcaption>Andr\u00e9s Beccar Varela<\/figcaption><\/figure>\n","protected":false},"excerpt":{"rendered":"<p>&nbsp;&nbsp;&nbsp;&nbsp;&nbsp;&nbsp;&nbsp;&nbsp;&nbsp;&nbsp;&nbsp; La Justicia dispuso que una mujer deber\u00e1 pagarle a su ex marido un canon<\/p>\n","protected":false},"author":4,"featured_media":3281,"comment_status":"open","ping_status":"open","sticky":false,"template":"","format":"standard","meta":{"om_disable_all_campaigns":false,"_monsterinsights_skip_tracking":false,"_monsterinsights_sitenote_active":false,"_monsterinsights_sitenote_note":"","_monsterinsights_sitenote_category":0},"categories":[251],"tags":[],"aioseo_notices":[],"jetpack_featured_media_url":"https:\/\/defiendase.com\/wp-content\/uploads\/2023\/03\/dolares_1.jpg_1595070056-2.png","post_mailing_queue_ids":[],"_links":{"self":[{"href":"https:\/\/defiendase.com\/index.php\/wp-json\/wp\/v2\/posts\/3277"}],"collection":[{"href":"https:\/\/defiendase.com\/index.php\/wp-json\/wp\/v2\/posts"}],"about":[{"href":"https:\/\/defiendase.com\/index.php\/wp-json\/wp\/v2\/types\/post"}],"author":[{"embeddable":true,"href":"https:\/\/defiendase.com\/index.php\/wp-json\/wp\/v2\/users\/4"}],"replies":[{"embeddable":true,"href":"https:\/\/defiendase.com\/index.php\/wp-json\/wp\/v2\/comments?post=3277"}],"version-history":[{"count":2,"href":"https:\/\/defiendase.com\/index.php\/wp-json\/wp\/v2\/posts\/3277\/revisions"}],"predecessor-version":[{"id":3389,"href":"https:\/\/defiendase.com\/index.php\/wp-json\/wp\/v2\/posts\/3277\/revisions\/3389"}],"wp:featuredmedia":[{"embeddable":true,"href":"https:\/\/defiendase.com\/index.php\/wp-json\/wp\/v2\/media\/3281"}],"wp:attachment":[{"href":"https:\/\/defiendase.com\/index.php\/wp-json\/wp\/v2\/media?parent=3277"}],"wp:term":[{"taxonomy":"category","embeddable":true,"href":"https:\/\/defiendase.com\/index.php\/wp-json\/wp\/v2\/categories?post=3277"},{"taxonomy":"post_tag","embeddable":true,"href":"https:\/\/defiendase.com\/index.php\/wp-json\/wp\/v2\/tags?post=3277"}],"curies":[{"name":"wp","href":"https:\/\/api.w.org\/{rel}","templated":true}]}}