{"id":3260,"date":"2023-03-03T17:43:57","date_gmt":"2023-03-03T20:43:57","guid":{"rendered":"https:\/\/defiendase.com\/?p=3260"},"modified":"2023-05-02T18:20:34","modified_gmt":"2023-05-02T21:20:34","slug":"segun-la-corte-los-jubilados-no-deben-pagar-ganancias","status":"publish","type":"post","link":"https:\/\/defiendase.com\/index.php\/segun-la-corte-los-jubilados-no-deben-pagar-ganancias\/","title":{"rendered":"Seg\u00fan la Corte, los jubilados no deben pagar ganancias"},"content":{"rendered":"\n<p>La Corte Suprema dej\u00f3 firme un fallo en segunda instancia que determina que las jubilaciones no deben pagar el impuesto a las ganancias.<\/p>\n\n\n\n<p>Se trata del caso de Carlos Calder\u00f3n, que le hizo juicio a la Anses y logr\u00f3 que la justicia determinara que era inconstitucional pagar el impuesto porque no se contemplaban los factores de vulnerabilidad del demandante.&nbsp;&nbsp;<\/p>\n\n\n\n<p>Seg\u00fan el abogado previsional, Federico Despoulis Netri, \u201cel Alto Tribunal rechaz\u00f3 el recurso extraordinario interpuesto por la Anses por considerar que la sentencia Calder\u00f3n no era arbitraria y no revest\u00eda gravedad institucional\u201d Adem\u00e1s agrega que \u201cla confirmaci\u00f3n del fallo tiene un car\u00e1cter definitorio del tema Impuesto a las Ganancias a jubilados\u201d<\/p>\n\n\n\n<figure class=\"wp-block-video\"><video controls src=\"https:\/\/defiendase.com\/wp-content\/uploads\/2023\/03\/WhatsApp-Video-2023-03-03-at-17.29.57-1.mp4\"><\/video><\/figure>\n\n\n\n<p>Esta no es la primera vez que la Corte se expide sobre esto. Ya en 2019, el m\u00e1ximo tribunal hab\u00eda resuelto en el caso Mar\u00eda Isabel Garc\u00eda que la jubilada demandante no deb\u00eda pagar Ganancias por ser una persona \u00abvulnerable\u00bb. En ese entonces, los jueces advirtieron que deb\u00edan tomarse en cuenta cuestiones como ancianidad y enfermedad.&nbsp; Pero, seg\u00fan especialistas, mientras que&nbsp; la Sala II de Seguridad Social interpret\u00f3 que todos los jubilados son vulnerables, algunos juzgados consideraron que en cada caso se deb\u00eda probar la vulnerabilidad de la persona.<\/p>\n\n\n\n<p>Lo concreto es que, por ahora, la decisi\u00f3n de la Corte podr\u00eda beneficiar a todos los que hicieron un reclamo similar, pero no tiene aplicaci\u00f3n autom\u00e1tica al resto de los jubilados alcanzados por Ganancias. Lo que s\u00ed hace es sentar un precedente para que se presenten nuevas demandas.<\/p>\n\n\n\n<p>Actualmente, seg\u00fan la ley, los jubilados y pensionados deben pagar Ganancias cuando sus ingresos superen el monto equivalente a 8 haberes m\u00ednimos, es decir, $469.323. Del total de 7 millones de jubilados del pa\u00eds, solo a 100 mil les cobran el impuesto.&nbsp; Esos son los que, en base a este fallo, pueden iniciar acciones legales para que el Estado les deje de descontar injustamente.&nbsp;<\/p>\n\n\n\n<p>Despoulis Netri es tajante en su interpretaci\u00f3n y sostiene que \u201cseg\u00fan la Corte, en forma definitiva, hoy a ning\u00fan jubilado se le puede descontar el impuesto\u201d y concluye: \u201cla gran pregunta es si Anses y Afip se acatar\u00e1n el fallo o lo desobedecer\u00e1n como han hecho hasta ahora\u201d .<\/p>\n\n\n\n<figure class=\"wp-block-video\"><\/figure>\n\n\n\n<p><\/p>\n","protected":false},"excerpt":{"rendered":"<p>La Corte Suprema dej\u00f3 firme un fallo en segunda instancia que determina que las jubilaciones<\/p>\n","protected":false},"author":4,"featured_media":3261,"comment_status":"open","ping_status":"open","sticky":false,"template":"","format":"standard","meta":{"om_disable_all_campaigns":false,"_monsterinsights_skip_tracking":false,"_monsterinsights_sitenote_active":false,"_monsterinsights_sitenote_note":"","_monsterinsights_sitenote_category":0},"categories":[2],"tags":[],"aioseo_notices":[],"jetpack_featured_media_url":"https:\/\/defiendase.com\/wp-content\/uploads\/2023\/03\/anses-logo-1.png","post_mailing_queue_ids":[],"_links":{"self":[{"href":"https:\/\/defiendase.com\/index.php\/wp-json\/wp\/v2\/posts\/3260"}],"collection":[{"href":"https:\/\/defiendase.com\/index.php\/wp-json\/wp\/v2\/posts"}],"about":[{"href":"https:\/\/defiendase.com\/index.php\/wp-json\/wp\/v2\/types\/post"}],"author":[{"embeddable":true,"href":"https:\/\/defiendase.com\/index.php\/wp-json\/wp\/v2\/users\/4"}],"replies":[{"embeddable":true,"href":"https:\/\/defiendase.com\/index.php\/wp-json\/wp\/v2\/comments?post=3260"}],"version-history":[{"count":2,"href":"https:\/\/defiendase.com\/index.php\/wp-json\/wp\/v2\/posts\/3260\/revisions"}],"predecessor-version":[{"id":3393,"href":"https:\/\/defiendase.com\/index.php\/wp-json\/wp\/v2\/posts\/3260\/revisions\/3393"}],"wp:featuredmedia":[{"embeddable":true,"href":"https:\/\/defiendase.com\/index.php\/wp-json\/wp\/v2\/media\/3261"}],"wp:attachment":[{"href":"https:\/\/defiendase.com\/index.php\/wp-json\/wp\/v2\/media?parent=3260"}],"wp:term":[{"taxonomy":"category","embeddable":true,"href":"https:\/\/defiendase.com\/index.php\/wp-json\/wp\/v2\/categories?post=3260"},{"taxonomy":"post_tag","embeddable":true,"href":"https:\/\/defiendase.com\/index.php\/wp-json\/wp\/v2\/tags?post=3260"}],"curies":[{"name":"wp","href":"https:\/\/api.w.org\/{rel}","templated":true}]}}