{"id":3256,"date":"2023-03-02T11:01:43","date_gmt":"2023-03-02T14:01:43","guid":{"rendered":"https:\/\/defiendase.com\/?p=3256"},"modified":"2023-05-02T18:22:48","modified_gmt":"2023-05-02T21:22:48","slug":"se-aprobo-la-moratoria-previsional","status":"publish","type":"post","link":"https:\/\/defiendase.com\/index.php\/se-aprobo-la-moratoria-previsional\/","title":{"rendered":"Se aprob\u00f3 la moratoria previsional"},"content":{"rendered":"\n<p>Diputados aprob\u00f3 la ley que permitir\u00e1 que m\u00e1s de 800 mil personas que no llegan a los 30 a\u00f1os de aportes puedan jubilarse regularizando las deudas que tengan con la ANSES hasta 2008.<\/p>\n\n\n\n<figure class=\"wp-block-video\"><video controls src=\"https:\/\/defiendase.com\/wp-content\/uploads\/2023\/03\/WhatsApp-Video-2023-03-06-at-14.48.12-1-1.mp4\"><\/video><\/figure>\n\n\n\n<p>Desde diciembre, cuando hab\u00eda vencido la \u00faltima moratoria, se hab\u00eda creado un vac\u00edo legal que imped\u00eda que muchas mujeres mayores de 60 a\u00f1os y hombres mayores de 65 a\u00f1os accedieran a la jubilaci\u00f3n y a la obra social.<\/p>\n\n\n\n<p>Los per\u00edodos faltantes se podr\u00e1n pagar en hasta 120 cuotas que ser\u00e1n descontadas directamente del haber jubilatorio que se obtenga.<\/p>\n\n\n\n<p>Pero lo novedoso de la nueva ley es que tambi\u00e9n permite que quienes todav\u00eda no alcanzaron la edad jubilatoria y saben que al cumplir esa edad no contar\u00e1n con los aportes necesarios puedan ir cancelando anticipadamente lo que les falta.<\/p>\n\n\n\n<p>Ahora hay que esperar a la reglamentaci\u00f3n para saber cu\u00e1ndo se podr\u00e1 pedir turno en la ANSES para iniciar el tr\u00e1mite.<\/p>\n\n\n\n<p>Los trabajadores informales, que no registran aportes y que cada vez son m\u00e1s en nuestro pa\u00eds, solo podr\u00e1n acceder a la Pensi\u00f3n Universal de Adultos Mayores, que equivale al 80% de una jubilaci\u00f3n m\u00ednima.<\/p>\n","protected":false},"excerpt":{"rendered":"<p>Diputados aprob\u00f3 la ley que permitir\u00e1 que m\u00e1s de 800 mil personas que no llegan<\/p>\n","protected":false},"author":4,"featured_media":3257,"comment_status":"open","ping_status":"open","sticky":false,"template":"","format":"standard","meta":{"om_disable_all_campaigns":false,"_monsterinsights_skip_tracking":false,"_monsterinsights_sitenote_active":false,"_monsterinsights_sitenote_note":"","_monsterinsights_sitenote_category":0},"categories":[16],"tags":[],"aioseo_notices":[],"jetpack_featured_media_url":"https:\/\/defiendase.com\/wp-content\/uploads\/2023\/03\/moratoria-previsional.jpg","post_mailing_queue_ids":[],"_links":{"self":[{"href":"https:\/\/defiendase.com\/index.php\/wp-json\/wp\/v2\/posts\/3256"}],"collection":[{"href":"https:\/\/defiendase.com\/index.php\/wp-json\/wp\/v2\/posts"}],"about":[{"href":"https:\/\/defiendase.com\/index.php\/wp-json\/wp\/v2\/types\/post"}],"author":[{"embeddable":true,"href":"https:\/\/defiendase.com\/index.php\/wp-json\/wp\/v2\/users\/4"}],"replies":[{"embeddable":true,"href":"https:\/\/defiendase.com\/index.php\/wp-json\/wp\/v2\/comments?post=3256"}],"version-history":[{"count":4,"href":"https:\/\/defiendase.com\/index.php\/wp-json\/wp\/v2\/posts\/3256\/revisions"}],"predecessor-version":[{"id":3396,"href":"https:\/\/defiendase.com\/index.php\/wp-json\/wp\/v2\/posts\/3256\/revisions\/3396"}],"wp:featuredmedia":[{"embeddable":true,"href":"https:\/\/defiendase.com\/index.php\/wp-json\/wp\/v2\/media\/3257"}],"wp:attachment":[{"href":"https:\/\/defiendase.com\/index.php\/wp-json\/wp\/v2\/media?parent=3256"}],"wp:term":[{"taxonomy":"category","embeddable":true,"href":"https:\/\/defiendase.com\/index.php\/wp-json\/wp\/v2\/categories?post=3256"},{"taxonomy":"post_tag","embeddable":true,"href":"https:\/\/defiendase.com\/index.php\/wp-json\/wp\/v2\/tags?post=3256"}],"curies":[{"name":"wp","href":"https:\/\/api.w.org\/{rel}","templated":true}]}}