{"id":3195,"date":"2022-01-27T15:31:00","date_gmt":"2022-01-27T15:31:00","guid":{"rendered":"http:\/\/defiendase.impulsatuidea.com\/?p=3195"},"modified":"2023-02-13T15:33:15","modified_gmt":"2023-02-13T15:33:15","slug":"podes-decir-que-no-prohiben-a-una-mama-publicar-fotos-de-sus-hijas-en-redes-sociales-sin-su-consentimiento","status":"publish","type":"post","link":"https:\/\/defiendase.com\/index.php\/podes-decir-que-no-prohiben-a-una-mama-publicar-fotos-de-sus-hijas-en-redes-sociales-sin-su-consentimiento\/","title":{"rendered":"PODES DECIR QUE NO: PROHIBEN A UNA MAM\u00c1 PUBLICAR FOTOS DE SUS HIJAS EN REDES SOCIALES SIN SU CONSENTIMIENTO"},"content":{"rendered":"\n<h3>Una jueza les dio la raz\u00f3n a las tres ni\u00f1as que le pidieron a su mam\u00e1 sacar sus fotos de Instagram con miles de seguidores.<\/h3>\n\n\n\n<p>En este caso, el se\u00f1or M. se opon\u00eda como padre a que la madre de sus tres hijas en com\u00fan difundiera fotos en su cuenta de Instagram, quien agregaba a dichas publicaciones los conflictos de pareja. Es por eso que acudi\u00f3 a la justicia.<\/p>\n\n\n\n<p>Luego de relizarse una audiencia con los padres, con intervenci\u00f3n del Ministerio P\u00fablico, la jueza decidi\u00f3 establecer un \u00abplus de protecci\u00f3n\u00bb&nbsp;que se le debe conferir a las ni\u00f1as\/as dada su situaci\u00f3n de vulnerabilidad y que, frente al posible choque de intereses entre menores y adultos, han de prevalecer los primeros.<\/p>\n\n\n\n<p><strong><em>\u00bfQu\u00e9 hacer?<\/em><\/strong><\/p>\n\n\n\n<p>Desde Defi\u00e9ndase consultamos al especialista en Derecho de Familia, el Dr. Andr\u00e9s Beccar Varela, que afirm\u00f3 que si bien es com\u00fan que muchos padres suban fotos de sus hijos a las redes sociales, puede pasar que uno de ellos se oponga y manifieste su desacuerdo.<\/p>\n\n\n\n<p>\u00abDesde el punto de vista legal la<em>&nbsp;Ley 26.061 de Protecci\u00f3n Integral de la Ni\u00f1as, Ni\u00f1os y Adolescentes<\/em>&nbsp;proh\u00edbe expresamente la divulgaci\u00f3n de informaci\u00f3n que permita identificar a menores de edad en contra de su voluntad y de sus padres. Pero esta norma no aclara si alguno de los dos progenitores est\u00e1 en desacuerdo, como sucede en este caso\u00bb, continu\u00f3 el letrado.<\/p>\n\n\n\n<p>\u00abPor lo tanto, quien no est\u00e9 de acuerdo puede acudir a un juez para que decida, seg\u00fan lo normado por el&nbsp;<em>art\u00edculo 642 del C\u00f3digo Civil y Comercial<\/em>. El magistrado debe escuchar a los menores, siendo el sustento clave de su decisi\u00f3n\u00bb, finaliz\u00f3 el doctor.<\/p>\n\n\n\n<p>Por \u00faltimo, record\u00e1 que si conoc\u00e9s amigos o familiares con ni\u00f1os en constante exposici\u00f3n, pod\u00e9s sugerirle que concurran urgentemente a ver a un especialista en Derecho de Familia dado que en el nuevo C\u00f3digo Civil lo permite y as\u00ed pueden presentarse frente a un Juez para estar seguros.<\/p>\n\n\n\n<p>Es fundamental proteger la vida privada de los ni\u00f1os sin que queden expuestos a los conflictos entre mayores.<\/p>\n","protected":false},"excerpt":{"rendered":"<p>Una jueza les dio la raz\u00f3n a las tres ni\u00f1as que le pidieron a su<\/p>\n","protected":false},"author":4,"featured_media":3196,"comment_status":"open","ping_status":"open","sticky":false,"template":"","format":"standard","meta":{"om_disable_all_campaigns":false,"_monsterinsights_skip_tracking":false,"_monsterinsights_sitenote_active":false,"_monsterinsights_sitenote_note":"","_monsterinsights_sitenote_category":0},"categories":[252],"tags":[],"aioseo_notices":[],"jetpack_featured_media_url":"https:\/\/defiendase.com\/wp-content\/uploads\/2023\/02\/FAMILIA-DIGITALES.jpg","post_mailing_queue_ids":[],"_links":{"self":[{"href":"https:\/\/defiendase.com\/index.php\/wp-json\/wp\/v2\/posts\/3195"}],"collection":[{"href":"https:\/\/defiendase.com\/index.php\/wp-json\/wp\/v2\/posts"}],"about":[{"href":"https:\/\/defiendase.com\/index.php\/wp-json\/wp\/v2\/types\/post"}],"author":[{"embeddable":true,"href":"https:\/\/defiendase.com\/index.php\/wp-json\/wp\/v2\/users\/4"}],"replies":[{"embeddable":true,"href":"https:\/\/defiendase.com\/index.php\/wp-json\/wp\/v2\/comments?post=3195"}],"version-history":[{"count":1,"href":"https:\/\/defiendase.com\/index.php\/wp-json\/wp\/v2\/posts\/3195\/revisions"}],"predecessor-version":[{"id":3197,"href":"https:\/\/defiendase.com\/index.php\/wp-json\/wp\/v2\/posts\/3195\/revisions\/3197"}],"wp:featuredmedia":[{"embeddable":true,"href":"https:\/\/defiendase.com\/index.php\/wp-json\/wp\/v2\/media\/3196"}],"wp:attachment":[{"href":"https:\/\/defiendase.com\/index.php\/wp-json\/wp\/v2\/media?parent=3195"}],"wp:term":[{"taxonomy":"category","embeddable":true,"href":"https:\/\/defiendase.com\/index.php\/wp-json\/wp\/v2\/categories?post=3195"},{"taxonomy":"post_tag","embeddable":true,"href":"https:\/\/defiendase.com\/index.php\/wp-json\/wp\/v2\/tags?post=3195"}],"curies":[{"name":"wp","href":"https:\/\/api.w.org\/{rel}","templated":true}]}}