{"id":3181,"date":"2020-06-27T15:26:00","date_gmt":"2020-06-27T15:26:00","guid":{"rendered":"http:\/\/defiendase.impulsatuidea.com\/?p=3181"},"modified":"2023-02-13T15:27:57","modified_gmt":"2023-02-13T15:27:57","slug":"una-bebe-atrapada-en-un-expediente","status":"publish","type":"post","link":"https:\/\/defiendase.com\/index.php\/una-bebe-atrapada-en-un-expediente\/","title":{"rendered":"Una bebe atrapada en un expediente"},"content":{"rendered":"\n<h3>Tiene 2 a\u00f1os quieren sacarle lo \u00fanico que tiene, su familia. Denuncian incumplimiento de los derechos del ni\u00f1o<\/h3>\n\n\n\n<p>Este es el caso \u00abM\u00bb. La historia de una nena de 2 a\u00f1os y de su familia encerrada en un laberinto judicial.&nbsp;<strong>Todo arranc\u00f3 hace tres a\u00f1os en la provincia de Misiones.&nbsp;<\/strong>La mam\u00e1 no pod\u00eda quedar embarazada y fueron 38 los intentos y procesos pero todos los intentos fueron in\u00fatiles.<\/p>\n\n\n\n<p>La esperanza de la pareja se fue apagando y llegaron a separarse. \u00c9l se va a Buenos Aires pero al tiempo recibe un llamado y le cuenta que finalmente estaba embarazada, anque esta vez, ella ya no deseaba continuar con el proceso.\u00a0<strong>Entre idas y vueltas, juntos contin\u00faan el embarazo en Buenos Aires, incluso la nueva pareja del pap\u00e1 estaba de acuerdo. Al noveno mes, nace la beba.<\/strong><\/p>\n\n\n\n<p>Ante aquel deseo de la madre de no seguir con el embarazo, le deja al padre el derecho de la tutela y vuelve a Misiones, \u00ab<strong>con la madre biol\u00f3gica hemos celebrado acuerdo respecto a cuidado personal y derecho de comunicaci\u00f3n y conforme se desprende del art\u00edculo 643 del CPCCN. Ella me hab\u00eda delegado el cuidado personal de la nena\u00bb,&nbsp;<\/strong>se\u00f1al\u00f3 el padre<\/p>\n\n\n\n<figure class=\"wp-block-embed is-type-rich is-provider-gestor-del-servicio wp-block-embed-gestor-del-servicio wp-embed-aspect-16-9 wp-has-aspect-ratio\"><div class=\"wp-block-embed__wrapper\">\n<iframe loading=\"lazy\" title=\"&quot;M&quot;, la beb\u00e9 del expediente | Defiendase.com\" width=\"640\" height=\"360\" src=\"https:\/\/www.youtube.com\/embed\/kDWJM6-6r5c?feature=oembed\" frameborder=\"0\" allow=\"accelerometer; autoplay; clipboard-write; encrypted-media; gyroscope; picture-in-picture; web-share\" allowfullscreen><\/iframe>\n<\/div><\/figure>\n\n\n\n<p>Tiempo despu\u00e9s,&nbsp;<strong>una llamada an\u00f3nima avisa a la justicia que la paternidad del hombre \u00abes dudosa\u00bb&nbsp;<\/strong>y se inicia una causa en el juzgado quilme\u00f1o del Dr. Luis Armella en la provincia de Buenos Aires para investigar que no haya habido una entrega ilegal de menores, entre otros posibles delitos. El juez ordena un examen de ADN y el resultado dio negativo, el pap\u00e1 no era el pap\u00e1 pero de igual forma contin\u00faan con la custodia.<\/p>\n\n\n\n<p><strong>\u00abNada ha cambiado. Nuestro amor sigue para ella. La sentimos nuestra hija desde la concepci\u00f3n, m\u00e1xime cuando la madre biol\u00f3gica decide dej\u00e1rnosla\u00bb<\/strong>, explic\u00f3 el padre.<\/p>\n\n\n\n<p>Adem\u00e1s el padre agreg\u00f3 que jam\u00e1s la madre biol\u00f3gica mantuvo contacto con la menor,&nbsp;<strong>\u00abno se vulner\u00f3 jam\u00e1s los derechos de su identidad, ella sabe con su corta edad que mi pareja es su mam\u00e1 del coraz\u00f3n y que su madre biol\u00f3gica vive en Misiones\u00bb.<\/strong><\/p>\n\n\n\n<figure class=\"wp-block-image\"><img src=\"https:\/\/www.defiendase.com\/media\/file\/vicentin\/z\/placa1.jpg\" alt=\"\"\/><\/figure>\n\n\n\n<p><strong>La situaci\u00f3n ahora.<\/strong><br>El juzgado de Familia N\u00ba 1 a cargo de la jueza Gabriela Blanchiman busca enviar a ?M? al Hogar de Menores Nomadelfia de Berazategui. La idea de la justicia es que&nbsp;<strong>\u00abla ni\u00f1a debe mantener una relaci\u00f3n cercana con su madre biol\u00f3gica, que vive en Misiones\u00bb.<\/strong><\/p>\n\n\n\n<p>A la vez, la defensa de la familia del coraz\u00f3n, el Dr. Ruben Valerio le pide a la jueza que desista de esta orden judicial por considerar que el da\u00f1o que le producir\u00eda a la menor ser\u00e1 \u00abirreparable\u00bb.<\/p>\n\n\n\n<p><strong>\u00abSolo queda esperar que la justicia que la bebe deje de estar atrapada en ese expediente y que la justicia habr\u00e1 los ojos porque ya un juez sentenci\u00f3 que ni la madre biol\u00f3gica ni los padres del coraz\u00f3n incurrieron en delito\u00bb.<\/strong><\/p>\n\n\n\n<p>Este puede ser tu caso. Si tenes alguna consulta o algun problema en el que necesites ayuda, no dudes escribirnos. Podemos ayudarte. Somos tu abogado online.<\/p>\n","protected":false},"excerpt":{"rendered":"<p>Tiene 2 a\u00f1os quieren sacarle lo \u00fanico que tiene, su familia. Denuncian incumplimiento de los<\/p>\n","protected":false},"author":4,"featured_media":3183,"comment_status":"open","ping_status":"open","sticky":false,"template":"","format":"standard","meta":{"om_disable_all_campaigns":false,"_monsterinsights_skip_tracking":false,"_monsterinsights_sitenote_active":false,"_monsterinsights_sitenote_note":"","_monsterinsights_sitenote_category":0},"categories":[252],"tags":[],"aioseo_notices":[],"jetpack_featured_media_url":"https:\/\/defiendase.com\/wp-content\/uploads\/2023\/02\/WhatsApp-Image-2020-06-26-at-11_24_29.jpeg","post_mailing_queue_ids":[],"_links":{"self":[{"href":"https:\/\/defiendase.com\/index.php\/wp-json\/wp\/v2\/posts\/3181"}],"collection":[{"href":"https:\/\/defiendase.com\/index.php\/wp-json\/wp\/v2\/posts"}],"about":[{"href":"https:\/\/defiendase.com\/index.php\/wp-json\/wp\/v2\/types\/post"}],"author":[{"embeddable":true,"href":"https:\/\/defiendase.com\/index.php\/wp-json\/wp\/v2\/users\/4"}],"replies":[{"embeddable":true,"href":"https:\/\/defiendase.com\/index.php\/wp-json\/wp\/v2\/comments?post=3181"}],"version-history":[{"count":1,"href":"https:\/\/defiendase.com\/index.php\/wp-json\/wp\/v2\/posts\/3181\/revisions"}],"predecessor-version":[{"id":3184,"href":"https:\/\/defiendase.com\/index.php\/wp-json\/wp\/v2\/posts\/3181\/revisions\/3184"}],"wp:featuredmedia":[{"embeddable":true,"href":"https:\/\/defiendase.com\/index.php\/wp-json\/wp\/v2\/media\/3183"}],"wp:attachment":[{"href":"https:\/\/defiendase.com\/index.php\/wp-json\/wp\/v2\/media?parent=3181"}],"wp:term":[{"taxonomy":"category","embeddable":true,"href":"https:\/\/defiendase.com\/index.php\/wp-json\/wp\/v2\/categories?post=3181"},{"taxonomy":"post_tag","embeddable":true,"href":"https:\/\/defiendase.com\/index.php\/wp-json\/wp\/v2\/tags?post=3181"}],"curies":[{"name":"wp","href":"https:\/\/api.w.org\/{rel}","templated":true}]}}