{"id":3178,"date":"2020-06-16T15:25:00","date_gmt":"2020-06-16T15:25:00","guid":{"rendered":"http:\/\/defiendase.impulsatuidea.com\/?p=3178"},"modified":"2023-02-13T15:26:23","modified_gmt":"2023-02-13T15:26:23","slug":"cuota-alimentaria-por-controlador","status":"publish","type":"post","link":"https:\/\/defiendase.com\/index.php\/cuota-alimentaria-por-controlador\/","title":{"rendered":"Cuota alimentaria por controlador"},"content":{"rendered":"\n<h3>Pas\u00f3 en Viedma. La pareja de una madre no respetaba la privacidad de su hijastra. Este puede ser tu caso<\/h3>\n\n\n\n<p>Pas\u00f3 en la provincia de R\u00edo Negro. Un padrastro \u00abinvasor\u00bb deber\u00e1 destinar el&nbsp;<strong>10% del sueldo&nbsp;a su hijastrastra como cuota alimentaria&nbsp;por revisarle las conversaciones, pedirle claves, las&nbsp;contrase\u00f1as y usarle el celular sin consentimiento.<\/strong>&nbsp;La menor despu\u00e9s de tanto acoso e invaci\u00f3n de su privacidad decide irse de sus abuelos que&nbsp;<strong>finalmente obtuvieron su custodia mediante un fallo judicial.&nbsp;<\/strong><\/p>\n\n\n\n<p><strong>La relaci\u00f3n de la menor con la madre tambi\u00e9n era mala.<\/strong>&nbsp;Eran muchas las peleas que ten\u00eda que soportar. Su hermano, mayor de edad,&nbsp;realiz\u00f3 una denuncia en la Defensor\u00eda de Menores para ayudar y proteger a su hermana. El organismo realiz\u00f3 un informe donde se detalla la situaci\u00f3n de angustia de la adolescente.&nbsp;<strong>Adem\u00e1s, entrevistaron a la progenitora que \u00abno opta por la separaci\u00f3n por priorizar el v\u00ednculo de familia\u00bb.<\/strong><\/p>\n\n\n\n<figure class=\"wp-block-image\"><img src=\"https:\/\/www.defiendase.com\/media\/file\/vicentin\/PLACAPADRASTRO1.jpg\" alt=\"\"\/><\/figure>\n\n\n\n<p>La defensoria adem\u00e1s recomend\u00f3 que la menor tenga un acompa\u00f1amiento terap\u00e9utico para procesar la angustia por los hechos de violencia. Medios locales remarcaron que&nbsp;<strong>el fallo tuvo en cuenta el doble plus protectivo que le corresponde a la adolescente por tratarse de una persona menor de edad y por ser mujer<\/strong>.<\/p>\n\n\n\n<p><strong>Aislamiento y nuevas tecnolog\u00edas.&nbsp;<\/strong>La Defensora de Menores actuante comunic\u00f3 a la adolescente mediante videollamada la resoluci\u00f3n a su favor mientras que la notificaci\u00f3n realizada por el Juzgado a la empresa del padrastro se realiz\u00f3 a trav\u00e9s de correo electr\u00f3nico con firma digital.<\/p>\n\n\n\n<p><strong>El detalle del fallo. Hablarle a la menor:<\/strong><br>\u00abA causa de la denuncia que hizo tu hermano para cuidarte y de lo que vos misma le contaste a las t\u00e9cnicas de Promoci\u00f3n Familiar, cuando fueron a visitarte, sobre c\u00f3mo te sent\u00edas y tu decisi\u00f3n de vivir con tus abuelos,&nbsp;<strong>decid\u00ed que la pareja de tu mam\u00e1 aporte una cuota alimentaria, por un tiempo, para ayudarlos a los abuelos con tus gastos de alimentaci\u00f3n, vestimenta, actividades y otros que puedas tener<\/strong>\u00ab, se\u00f1al\u00f3 el fallo de la justicia local.<\/p>\n\n\n\n<figure class=\"wp-block-image\"><img src=\"https:\/\/www.defiendase.com\/media\/file\/vicentin\/PLACAPADRASTRO2.jpg\" alt=\"\"\/><\/figure>\n\n\n\n<p>\u00abQuiero que sepas que&nbsp;<strong>esta cuota va a durar 6 meses, tiempo para que puedas pensar con quien quer\u00e9s vivir y hasta puedas empezar un espacio de terapia para charlar de todo lo que te afect\u00f3 en tu casa<\/strong>, lo que ser\u00eda muy bueno para que no repitas esas conductas en futuras relaciones que vos tengas\u00bb.<\/p>\n\n\n\n<p>\u00abTambi\u00e9n quiero que sepas que, si decid\u00eds quedarte a vivir con tus abuelos podes<strong>&nbsp;consultar con la Defensora de Menores, o buscar una abogada o abogado de tu confianza para presentarte a pedirlo ac\u00e1 en este Juzgado y que adem\u00e1s van a explicarte bien a todo lo que tenes derecho y que ya podes tomar algunas decisiones por vos misma,&nbsp;<\/strong>como por ejemplo con qui\u00e9n queres vivir, eso siempre cuando sea lo adecuado para tu edad y no sea perjudicial para vos\u00bb, finaliz\u00f3 la sentencia.<\/p>\n\n\n\n<p>Este puede ser tu caso. Si tenes alguna duda o necesitas resolver un problema de este tipo, no dudes en escribirnos. Ingresa a la pesta\u00f1a&nbsp;<a href=\"https:\/\/www.defiendase.com\/tu-abogado-en-linea\">TU ABOGADO EN LINEA<\/a>, un miembro de nuestro equipo est\u00e1 listo para recibir tu consulta.<\/p>\n","protected":false},"excerpt":{"rendered":"<p>Pas\u00f3 en Viedma. La pareja de una madre no respetaba la privacidad de su hijastra.<\/p>\n","protected":false},"author":4,"featured_media":3179,"comment_status":"open","ping_status":"open","sticky":false,"template":"","format":"standard","meta":{"om_disable_all_campaigns":false,"_monsterinsights_skip_tracking":false,"_monsterinsights_sitenote_active":false,"_monsterinsights_sitenote_note":"","_monsterinsights_sitenote_category":0},"categories":[252],"tags":[],"aioseo_notices":[],"jetpack_featured_media_url":"https:\/\/defiendase.com\/wp-content\/uploads\/2023\/02\/portadapadrastro.jpg","post_mailing_queue_ids":[],"_links":{"self":[{"href":"https:\/\/defiendase.com\/index.php\/wp-json\/wp\/v2\/posts\/3178"}],"collection":[{"href":"https:\/\/defiendase.com\/index.php\/wp-json\/wp\/v2\/posts"}],"about":[{"href":"https:\/\/defiendase.com\/index.php\/wp-json\/wp\/v2\/types\/post"}],"author":[{"embeddable":true,"href":"https:\/\/defiendase.com\/index.php\/wp-json\/wp\/v2\/users\/4"}],"replies":[{"embeddable":true,"href":"https:\/\/defiendase.com\/index.php\/wp-json\/wp\/v2\/comments?post=3178"}],"version-history":[{"count":1,"href":"https:\/\/defiendase.com\/index.php\/wp-json\/wp\/v2\/posts\/3178\/revisions"}],"predecessor-version":[{"id":3180,"href":"https:\/\/defiendase.com\/index.php\/wp-json\/wp\/v2\/posts\/3178\/revisions\/3180"}],"wp:featuredmedia":[{"embeddable":true,"href":"https:\/\/defiendase.com\/index.php\/wp-json\/wp\/v2\/media\/3179"}],"wp:attachment":[{"href":"https:\/\/defiendase.com\/index.php\/wp-json\/wp\/v2\/media?parent=3178"}],"wp:term":[{"taxonomy":"category","embeddable":true,"href":"https:\/\/defiendase.com\/index.php\/wp-json\/wp\/v2\/categories?post=3178"},{"taxonomy":"post_tag","embeddable":true,"href":"https:\/\/defiendase.com\/index.php\/wp-json\/wp\/v2\/tags?post=3178"}],"curies":[{"name":"wp","href":"https:\/\/api.w.org\/{rel}","templated":true}]}}