{"id":3123,"date":"2017-11-07T14:58:00","date_gmt":"2017-11-07T14:58:00","guid":{"rendered":"http:\/\/defiendase.impulsatuidea.com\/?p=3123"},"modified":"2023-02-13T15:00:54","modified_gmt":"2023-02-13T15:00:54","slug":"adoptar-sin-sufrir","status":"publish","type":"post","link":"https:\/\/defiendase.com\/index.php\/adoptar-sin-sufrir\/","title":{"rendered":"Adoptar sin sufrir"},"content":{"rendered":"\n<h3>La C\u00e1mara de Diputados le dio media sanci\u00f3n al proyecto de ley que busca otorgarle al sistema de adopci\u00f3n agilidad y transparencia. En esta nota, los puntos m\u00e1s importantes.<\/h3>\n\n\n\n<p>La situaci\u00f3n de la adopci\u00f3n en la Argentina cambi\u00f3 mucho cuando se implement\u00f3 el nuevo C\u00f3digo Civil y Comercial. Ahora se da una mirada diferente porque se instal\u00f3 un concepto distinto:&nbsp;<strong>la adopci\u00f3n es una instituci\u00f3n pensada en los ni\u00f1os<\/strong>, con el objetivo de brindarles familia a aquellos que no pueden continuar con la suya.<\/p>\n\n\n\n<p>La Diputada rionegrina Mar\u00eda Emilia Soria (FPV) redact\u00f3 el proyecto para que se controlen las tareas de los organismos administrativos y judiciales respecto de las adopciones de Ni\u00f1as, Ni\u00f1os y Adolescentes.&nbsp;<strong>Esta iniciativa tendr\u00eda como funci\u00f3n mantener actualizados los datos de los menores en situaci\u00f3n de adoptabilidad<\/strong>&nbsp;o bien de aquellos que ya hayan sido adoptados. En el debate se obtuvo 185 votos a favor y solo 3 en contra.<\/p>\n\n\n\n<p>Defiendase.com habl\u00f3 con el Dr. Gustavo Herrera, coautor del texto enviado al Congreso y ex director del Registro \u00danico de Aspirantes a Guarda con Fines Adoptivos, un organismo dependiente del Ministerio de Justicia de la Naci\u00f3n.&nbsp;<\/p>\n\n\n\n<figure class=\"wp-block-embed is-type-rich is-provider-gestor-del-servicio wp-block-embed-gestor-del-servicio wp-embed-aspect-16-9 wp-has-aspect-ratio\"><div class=\"wp-block-embed__wrapper\">\n<iframe loading=\"lazy\" title=\"Registro de Adopcion - Defiendase.com I\" width=\"640\" height=\"360\" src=\"https:\/\/www.youtube.com\/embed\/Zx9B3atsCkQ?feature=oembed\" frameborder=\"0\" allow=\"accelerometer; autoplay; clipboard-write; encrypted-media; gyroscope; picture-in-picture; web-share\" allowfullscreen><\/iframe>\n<\/div><\/figure>\n\n\n\n<p>\u0093Los adultos tienen el derecho leg\u00edtimo de ser padres pero&nbsp;<strong>la mirada tiene que estar puesta en los ni\u00f1os<\/strong>. Se modificaron algunas pr\u00e1cticas: darle un plazo m\u00e1ximo de seis meses para que un chico pueda estar separado de su familia, y si no se mejor\u00f3 la situaci\u00f3n se decreta la \u0093situaci\u00f3n de adoptabilidad\u0094, defini\u00f3 el abogado.<\/p>\n\n\n\n<p><strong>Hay una situaci\u00f3n dif\u00edcil de revertir a la brevedad<\/strong>, \u0093conseguir familias para los m\u00e1s grandes, para hermanos o ni\u00f1os que tengan alguna patolog\u00eda o discapacidad\u0094, se\u00f1al\u00f3 Herrera y agreg\u00f3 que uno de los puntos principales del Registro es detectar las caracter\u00edsticas de los ni\u00f1os en b\u00fasqueda de familia para que el encuentro sea m\u00e1s sencillo, transparente y veloz.&nbsp;<\/p>\n\n\n\n<p><strong>No hay datos.&nbsp;<\/strong>Si uno quisiera saber cu\u00e1ntos ni\u00f1os hay en situaci\u00f3n de adoptabilidad tendr\u00eda que ir juzgado por juzgado, \u0093y por eso es interesante tener un registro innominado para no estigmatizar a los ni\u00f1os.&nbsp;<strong>No est\u00e1 bueno tenerlos en un listado que esperan una familia, pero si es bueno saber sus caracter\u00edsticas.<\/strong>&nbsp;El registro lo van a nutrir principalmente los juzgados y los organismos de protecci\u00f3n\u0094.&nbsp;<\/p>\n\n\n\n<p><img alt=\"\" src=\"https:\/\/www.defiendase.com\/media\/file\/PLACA.gif\"><br><br>\u0093Es un proyecto que va a aportar una herramienta m\u00e1s para favorecer a los ni\u00f1os\u0094. Ellos podr\u00e1n encontrar familia y los m\u00e1s grandes evitar\u00e1n la trata de menores y generar confianza en la sociedad.<\/p>\n\n\n\n<p><strong>\u0093No te hagas historia con mi historia\u0094<\/strong><\/p>\n\n\n\n<p>Hay una cuesti\u00f3n con los adultos. Ellos se cuestionan la historia que traen los m\u00e1s chicos, pero no piensan que para ellos tambi\u00e9n&nbsp;<strong>es un tema la historia que traen estos adultos<\/strong>. Esto se trabaja en conjunto y es muy importante que las familias sean acompa\u00f1adas en estos procesos, sobre todo cuando son grupos de hermanos o chicos grandes.&nbsp;<\/p>\n\n\n\n<p>Es fundamental que desde el Estado se asuma la responsabilidad de acompa\u00f1ar a las familias como la tiene para conseguirlas para estos ni\u00f1os, y tienen la responsabilidad de que esa sea la mejor posible.&nbsp;<strong>El proceso de conocimiento entre los chicos y los aspirantes a padres debe ser acompa\u00f1ado.&nbsp;<\/strong><\/p>\n\n\n\n<figure class=\"wp-block-embed is-type-rich is-provider-gestor-del-servicio wp-block-embed-gestor-del-servicio wp-embed-aspect-16-9 wp-has-aspect-ratio\"><div class=\"wp-block-embed__wrapper\">\n<iframe loading=\"lazy\" title=\"Registro de Adopcion - Defiendase.com II\" width=\"640\" height=\"360\" src=\"https:\/\/www.youtube.com\/embed\/uynX-JiokkE?feature=oembed\" frameborder=\"0\" allow=\"accelerometer; autoplay; clipboard-write; encrypted-media; gyroscope; picture-in-picture; web-share\" allowfullscreen><\/iframe>\n<\/div><\/figure>\n\n\n\n<p><strong>El consejo para las familias es desmitificar la complejidad para inscribirse en un registro para adoptantes<\/strong>. Hay que entender tambi\u00e9n que cuanto mayor amplitud y mayores recursos internos y propios tengan para poder avanzar en la adopci\u00f3n de chicos m\u00e1s grandes o de hermanos, mayor va a ser la posibilidad.<\/p>\n\n\n\n<p>\u0093Lamentablemente todos aquellos que quieran un bebe no tendr\u00e1n la posibilidad de tener uno. Si hubiera cinco mil bebes para dar en adopci\u00f3n estar\u00edamos en una situaci\u00f3n bastante catastr\u00f3fica y el debate seria otro\u0094. En s\u00edntesis, Herrera se\u00f1ala que&nbsp;<strong>habla bien del pa\u00eds que no tengamos beb\u00e9s para dar en adopci\u00f3n.<\/strong>&nbsp;<\/p>\n","protected":false},"excerpt":{"rendered":"<p>La C\u00e1mara de Diputados le dio media sanci\u00f3n al proyecto de ley que busca otorgarle<\/p>\n","protected":false},"author":4,"featured_media":3127,"comment_status":"open","ping_status":"open","sticky":false,"template":"","format":"standard","meta":{"om_disable_all_campaigns":false,"_monsterinsights_skip_tracking":false,"_monsterinsights_sitenote_active":false,"_monsterinsights_sitenote_note":"","_monsterinsights_sitenote_category":0},"categories":[252],"tags":[],"aioseo_notices":[],"jetpack_featured_media_url":"https:\/\/defiendase.com\/wp-content\/uploads\/2023\/02\/adoppp1-1.gif","post_mailing_queue_ids":[],"_links":{"self":[{"href":"https:\/\/defiendase.com\/index.php\/wp-json\/wp\/v2\/posts\/3123"}],"collection":[{"href":"https:\/\/defiendase.com\/index.php\/wp-json\/wp\/v2\/posts"}],"about":[{"href":"https:\/\/defiendase.com\/index.php\/wp-json\/wp\/v2\/types\/post"}],"author":[{"embeddable":true,"href":"https:\/\/defiendase.com\/index.php\/wp-json\/wp\/v2\/users\/4"}],"replies":[{"embeddable":true,"href":"https:\/\/defiendase.com\/index.php\/wp-json\/wp\/v2\/comments?post=3123"}],"version-history":[{"count":1,"href":"https:\/\/defiendase.com\/index.php\/wp-json\/wp\/v2\/posts\/3123\/revisions"}],"predecessor-version":[{"id":3128,"href":"https:\/\/defiendase.com\/index.php\/wp-json\/wp\/v2\/posts\/3123\/revisions\/3128"}],"wp:featuredmedia":[{"embeddable":true,"href":"https:\/\/defiendase.com\/index.php\/wp-json\/wp\/v2\/media\/3127"}],"wp:attachment":[{"href":"https:\/\/defiendase.com\/index.php\/wp-json\/wp\/v2\/media?parent=3123"}],"wp:term":[{"taxonomy":"category","embeddable":true,"href":"https:\/\/defiendase.com\/index.php\/wp-json\/wp\/v2\/categories?post=3123"},{"taxonomy":"post_tag","embeddable":true,"href":"https:\/\/defiendase.com\/index.php\/wp-json\/wp\/v2\/tags?post=3123"}],"curies":[{"name":"wp","href":"https:\/\/api.w.org\/{rel}","templated":true}]}}