{"id":3100,"date":"2020-10-16T18:04:00","date_gmt":"2020-10-16T18:04:00","guid":{"rendered":"http:\/\/defiendase.impulsatuidea.com\/?p=3100"},"modified":"2023-02-12T18:06:45","modified_gmt":"2023-02-12T18:06:45","slug":"me-negaron-un-tratamiento","status":"publish","type":"post","link":"https:\/\/defiendase.com\/index.php\/me-negaron-un-tratamiento\/","title":{"rendered":"Me negaron un tratamiento"},"content":{"rendered":"\n<h3>Es una denuncia muy frecuente que aumenta cada vez en los casos de discapacidad, \u00bfc\u00f3mo pelear por tus derechos?<\/h3>\n\n\n\n<p>El CUD es el&nbsp;<strong>Certificado \u00danico de Discapacidad<\/strong>. Es un documento p\u00fablico y es v\u00e1lido en todo el pa\u00eds. Es de titularidad \u00fanica del beneficiario, intransferible y gratuito. Adem\u00e1s, el CUD queda en voluntad de las personas con discapacidad tramitarlo o no, nos detall\u00f3 Suyay P\u00e9rez Montenegro que es abogada, y nos va a explicar todas las claves en esta nota.<\/p>\n\n\n\n<p><strong>\u00abCuando tenemos el CUD, todas las personas solicitantes certifican esa discapacidad por medio de una junta interdisciplinaria que evaluar\u00e1 el grado de discapacidad\u00bb<\/strong>. En esa evaluaci\u00f3n, no solo se mide el grado, si no tambi\u00e9n se detallar\u00e1 si esta es f\u00edsica, intelectual o mental. \u00abAdem\u00e1s son ellos los encargados de otorgar o denegar el certificado\u00bb.<\/p>\n\n\n\n<p><strong>\u00bfCu\u00e1les son los beneficios del CUD?<\/strong><br>En el \u00e1rea de la salud, los beneficiarios recibir\u00e1n una prestaci\u00f3n al cien por ciento.&nbsp;<strong>En las leyes 24.901 y 22.431 se detalla que se otorgar\u00e1n todas las prestaciones que tienen que ver tanto con medicamentos como con tratamientos.<\/strong><\/p>\n\n\n\n<p>\u00abHay otros beneficios como en las asignaciones familiares que se otorgan por medio de la ANSES. Todos los solicitantes del CUD podr\u00e1n acceder al libre tr\u00e1nsito y estacionamiento mediante el S\u00edmbolo Internacional de Discapacidad y exenciones del pago de patente como el ABL o impuesto municipal\u00bb, detalla P\u00e9rez Montenegro. &nbsp;<\/p>\n\n\n\n<figure class=\"wp-block-embed is-type-rich is-provider-gestor-del-servicio wp-block-embed-gestor-del-servicio wp-embed-aspect-16-9 wp-has-aspect-ratio\"><div class=\"wp-block-embed__wrapper\">\n<iframe loading=\"lazy\" title=\"CUD: Certificado \u00danico de Discapacidad I\" width=\"640\" height=\"360\" src=\"https:\/\/www.youtube.com\/embed\/CTHUzgPI8Wo?feature=oembed\" frameborder=\"0\" allow=\"accelerometer; autoplay; clipboard-write; encrypted-media; gyroscope; picture-in-picture; web-share\" allowfullscreen><\/iframe>\n<\/div><\/figure>\n\n\n\n<p><strong>\u00bfEl CUD tiene plazos?<\/strong><br>Si. El plazo lo establece tambi\u00e9n la junta evaluadora.&nbsp;<strong>\u00abAquellos que sean para personas de 0 a 5 a\u00f1os, tendr\u00e1 un plazo de cinco a\u00f1os. Si son mayores de 5 a\u00f1os ser\u00e1 de un plazo de 10 a\u00f1os. Es importante mencionarlo porque muchos dicen que la discapacidad la tienen de por vida, y es porque en principio se entiende que no hay recursos ilimitados respecto a las prestaciones\u00bb<\/strong><br><br>En medio de la pandemia del Covid-19,&nbsp;<strong>la Agencia Nacional de Discapacidad (ANDIS) resolvi\u00f3 que la tramitaci\u00f3n del CUD se haga por medios virtuales<\/strong>, salvo en casos de urgencias o por la imposibilidad de acceder a los diversos medios digitales y\/o tecnol\u00f3gicos. En este caso, se dispuso una guardia m\u00ednima para las juntas evaluadoras necesarias.<\/p>\n\n\n\n<p><strong>En el caso de un menor de edad, en la Ciudad de Buenos Aires, no es necesario que el ni\u00f1o o ni\u00f1a se haga presente en la gesti\u00f3n del tr\u00e1mite, ni es necesaria la junta evaluadora online<\/strong>. En estos casos, solo es necesaria la informaci\u00f3n del menor, documentos e historias cl\u00ednicas, y a partir de all\u00ed, otorgan o deniegan el CUD.<\/p>\n\n\n\n<p>Adem\u00e1s, hay que recordar que la Agencia Nacional de Discapacidad prorrog\u00f3 por el plazo de un a\u00f1o los vencimientos de todos los certificados desde el primero de enero al 31 de diciembre del 2020 a partir de la fecha de caducidad. Respecto a esto, la prorroga se hace de forma autom\u00e1tica. &nbsp;&nbsp;&nbsp;<\/p>\n\n\n\n<p><br><img alt=\"\" src=\"https:\/\/www.defiendase.com\/media\/file\/1\/discapacidad%20placa.jpg\"><br>Volve a leer sobre este tema. M\u00e1s informaci\u00f3n haciendo click en&nbsp;<a href=\"https:\/\/www.defiendase.com\/articulos\/prorrogan-prestaciones-de-salud\/5065\"><strong>AQUI<\/strong><\/a><br><br>Este a\u00f1o, tambi\u00e9n el organismo de control resolvi\u00f3 que,&nbsp;<strong>desde el 24 de mayo del pr\u00f3ximo a\u00f1o, se van a unificar los diferentes Certificados de Discapacidad en uno solo.<\/strong>&nbsp;\u00abLa idea es que sea uno solo, impreso en papel moneda, con un n\u00famero \u00fanico y con validez nacional\u00bb.<\/p>\n\n\n\n<p><strong>\u00abMe negaron una prestaci\u00f3n\u00bb<\/strong><br>En el caso de que un Agente de Salud, tanto Obras Sociales como Medicinas Prepagas, deniegue el derecho a una prestaci\u00f3n, ya sea de tratamiento, rehabilitaci\u00f3n o medicaci\u00f3n,&nbsp;<strong>est\u00e1 la opci\u00f3n de realizar un tr\u00e1mite administrativo ante la Superintendencia de Servicio de Salud<\/strong>. Lo puede iniciar cualquier persona y lo ratifica en el plazo de 30 d\u00edas el titular\/denunciante.<\/p>\n\n\n\n<figure class=\"wp-block-embed is-type-rich is-provider-gestor-del-servicio wp-block-embed-gestor-del-servicio wp-embed-aspect-16-9 wp-has-aspect-ratio\"><div class=\"wp-block-embed__wrapper\">\n<iframe loading=\"lazy\" title=\"CUD: Certificado \u00danico de Discapacidad II\" width=\"640\" height=\"360\" src=\"https:\/\/www.youtube.com\/embed\/J1fU7By-7F0?feature=oembed\" frameborder=\"0\" allow=\"accelerometer; autoplay; clipboard-write; encrypted-media; gyroscope; picture-in-picture; web-share\" allowfullscreen><\/iframe>\n<\/div><\/figure>\n\n\n\n<p><strong>\u00abEste tr\u00e1mite administrativo tienen sus ventajas, es gratuito y accesible. Por otro lado, tambi\u00e9n tiene sus desventajas. No resuelve ninguna medida cautelar previa.<\/strong>&nbsp;Se rige por un proceso mucho m\u00e1s largo, el proceso administrativo.&nbsp;<strong>En muchas situaciones, al final todo se termina judicializando por medio de un amparo de salud, que si resuelve\u00bb.<\/strong><\/p>\n\n\n\n<p><strong>\u00bfC\u00f3mo se judicializa un reclamo?<\/strong><br>Se puede realizar por medio de un amparo de salud seg\u00fan la Ley 16.986. Es un proceso r\u00e1pido y depender\u00e1 del juzgado en d\u00f3nde tramit\u00e9 la causa. Mediante este proceso s\u00ed se puede lograr una medida cautelar para que el prestador de salud responda.<br><br>\u00abSe deben cumplir con varios requisitos para llegar al amparo:<strong>&nbsp;verosimilitud en el derecho,&nbsp;<\/strong>demostrar que estas afiliado y que tenes una orden m\u00e9dica;&nbsp;<strong>que remitiste una carta documento al agente de salud<\/strong>&nbsp;para que te brinde la prestaci\u00f3n;&nbsp;<strong>acreditar el peligro en la demora<\/strong>, porque lo necesitas de forma urgente y la<strong>&nbsp;contracautela<\/strong>, que se obtiene mediante la firma del escrito del inicio de demanda\u00bb, detall\u00f3 la abogada.<\/p>\n\n\n\n<p><strong>Elementos jur\u00eddicos para iniciar un amparo<\/strong><br>\u00abPara empezar, nos valemos de la&nbsp;<strong>Constituci\u00f3n Nacional<\/strong>. Tambi\u00e9n est\u00e1 el&nbsp;<strong>art\u00edculo 65, inciso 22<\/strong>, en donde se establece y donde se le dio jerarqu\u00eda constitucional a la&nbsp;<strong>Convenci\u00f3n Internacional de los Derechos de las Personas con Discapacidad<\/strong>, entre otros tratados. Adem\u00e1s, en el&nbsp;<strong>art\u00edculo&nbsp;75, inciso 23<\/strong>&nbsp;<strong>de la Constituci\u00f3n Nacional,&nbsp;<\/strong>se detalla que&nbsp;es el Estado debe dictar medidas de acci\u00f3n positivas dentro de los grupos vulnerables; y las&nbsp;<strong>leyes 24.901 y 22.431, junto al C\u00f3digo Civil y Comercial y toda la jurisprudencia\u00bb<\/strong>.<\/p>\n","protected":false},"excerpt":{"rendered":"<p>Es una denuncia muy frecuente que aumenta cada vez en los casos de discapacidad, \u00bfc\u00f3mo<\/p>\n","protected":false},"author":4,"featured_media":3101,"comment_status":"open","ping_status":"open","sticky":false,"template":"","format":"standard","meta":{"om_disable_all_campaigns":false,"_monsterinsights_skip_tracking":false,"_monsterinsights_sitenote_active":false,"_monsterinsights_sitenote_note":"","_monsterinsights_sitenote_category":0},"categories":[17],"tags":[],"aioseo_notices":[],"jetpack_featured_media_url":"https:\/\/defiendase.com\/wp-content\/uploads\/2023\/02\/disc-portada.jpg","post_mailing_queue_ids":[],"_links":{"self":[{"href":"https:\/\/defiendase.com\/index.php\/wp-json\/wp\/v2\/posts\/3100"}],"collection":[{"href":"https:\/\/defiendase.com\/index.php\/wp-json\/wp\/v2\/posts"}],"about":[{"href":"https:\/\/defiendase.com\/index.php\/wp-json\/wp\/v2\/types\/post"}],"author":[{"embeddable":true,"href":"https:\/\/defiendase.com\/index.php\/wp-json\/wp\/v2\/users\/4"}],"replies":[{"embeddable":true,"href":"https:\/\/defiendase.com\/index.php\/wp-json\/wp\/v2\/comments?post=3100"}],"version-history":[{"count":1,"href":"https:\/\/defiendase.com\/index.php\/wp-json\/wp\/v2\/posts\/3100\/revisions"}],"predecessor-version":[{"id":3104,"href":"https:\/\/defiendase.com\/index.php\/wp-json\/wp\/v2\/posts\/3100\/revisions\/3104"}],"wp:featuredmedia":[{"embeddable":true,"href":"https:\/\/defiendase.com\/index.php\/wp-json\/wp\/v2\/media\/3101"}],"wp:attachment":[{"href":"https:\/\/defiendase.com\/index.php\/wp-json\/wp\/v2\/media?parent=3100"}],"wp:term":[{"taxonomy":"category","embeddable":true,"href":"https:\/\/defiendase.com\/index.php\/wp-json\/wp\/v2\/categories?post=3100"},{"taxonomy":"post_tag","embeddable":true,"href":"https:\/\/defiendase.com\/index.php\/wp-json\/wp\/v2\/tags?post=3100"}],"curies":[{"name":"wp","href":"https:\/\/api.w.org\/{rel}","templated":true}]}}