{"id":3097,"date":"2020-10-13T18:03:00","date_gmt":"2020-10-13T18:03:00","guid":{"rendered":"http:\/\/defiendase.impulsatuidea.com\/?p=3097"},"modified":"2023-02-12T18:04:47","modified_gmt":"2023-02-12T18:04:47","slug":"prorrogan-prestaciones-de-salud","status":"publish","type":"post","link":"https:\/\/defiendase.com\/index.php\/prorrogan-prestaciones-de-salud\/","title":{"rendered":"Prorrogan prestaciones de salud"},"content":{"rendered":"\n<h3>La Superintendencia de Servicios de Salud suspende los vencimientos de las prestaciones de salud por discapacidad<\/h3>\n\n\n\n<p><strong>Se public\u00f3 en el Bolet\u00edn Oficial la pr\u00f3rroga de las prestaciones por discapacidad para el a\u00f1o 2021.<\/strong>&nbsp;Es para todas aquellas&nbsp;<strong>prestaciones que est\u00e9n en curso y aprobadas por el equipo interdisciplinario de la obra social o medicina prepaga<\/strong>, siempre que se pongan de acuerdo la persona con discapacidad, o su familia y los prestadores de salud.<\/p>\n\n\n\n<p>La Dra. Suyay P\u00e9rez Montenegro, especialista en el \u00e1rea, explic\u00f3 en exclusivo para Defiendase, que \u00ab<strong>si existe una necesidad de modificaci\u00f3n o se necesita de forma urgente iniciar una nueva prestaci\u00f3n para el a\u00f1o que viene, tanto la persona con discapacidad y su familiar deber\u00e1n enviar el \u00b4Anexo II\u00b4&nbsp;con la documentaci\u00f3n digital a la obra social o medicina prepaga\u00bb.<\/strong><\/p>\n\n\n\n<p>Al pie de esta nota te dejamos el link para que puedas acceder a los ANEXOS que necesitas para completar los tramites necesarios respecto a este asunto.<br><br><img alt=\"\" src=\"https:\/\/www.defiendase.com\/media\/file\/1\/discapacidad%20placa.jpg\"><\/p>\n\n\n\n<p><strong>Una vez terminadas las medidas del Aislamiento Social, Preventivo y Obligatorio<\/strong>&nbsp;(ASPO), o el Distanciamiento Social, previsto por un Decreto Nacional (297\/20) para pelear contra el Coronavirus,&nbsp;<strong>se deber\u00e1n gestionar la renovaci\u00f3n de las prestaciones dentro de los 90 d\u00edas corridos posteriores.<\/strong><br><br>Adem\u00e1s, seg\u00fan el texto publicado,<strong>&nbsp;los Agentes del Seguro de Salud y las Empresas de Medicina Prepaga deber\u00e1n garantizar la recepci\u00f3n de la documentaci\u00f3n que env\u00ede por medios digitales la persona con discapacidad, su familiar responsable\/figura de apoyo, y el prestador, la que podr\u00e1 ser suscripta con firma ol\u00f3grafa, electr\u00f3nica o digital.<\/strong><\/p>\n\n\n\n<p><strong>En el caso de que el paciente en tratamiento<\/strong>, o sus familiares a cargo&nbsp;<strong>tengan alg\u00fan problema para acceder al sitio online para cargar la documentaci\u00f3n, podr\u00e1n efectuarla de forma presencial<\/strong>&nbsp;respetando el protocolo que cada entidad presente, explic\u00f3 a Defiendase la Dra. P\u00e9rez Montenegro.<\/p>\n\n\n\n<p><strong><a href=\"https:\/\/www.boletinoficial.gob.ar\/detalleAviso\/primera\/235963\/20201013\">Haciendo click sobre este texto rojo podr\u00e1s acceder al Decreto para obtener los formularios necesarios.<\/a>&nbsp;<\/strong><strong>Por dificultad o&nbsp;<\/strong><strong>incumplimiento en cualquier aspecto vinculado a la norma, se habilita el siguiente mail:&nbsp;<\/strong><strong>orientaciondiscapacidad@sssalud.gob.ar.<\/strong><\/p>\n","protected":false},"excerpt":{"rendered":"<p>La Superintendencia de Servicios de Salud suspende los vencimientos de las prestaciones de salud por<\/p>\n","protected":false},"author":4,"featured_media":3098,"comment_status":"open","ping_status":"open","sticky":false,"template":"","format":"standard","meta":{"om_disable_all_campaigns":false,"_monsterinsights_skip_tracking":false,"_monsterinsights_sitenote_active":false,"_monsterinsights_sitenote_note":"","_monsterinsights_sitenote_category":0},"categories":[17],"tags":[],"aioseo_notices":[],"jetpack_featured_media_url":"https:\/\/defiendase.com\/wp-content\/uploads\/2023\/02\/discapacidad-portada.jpeg","post_mailing_queue_ids":[],"_links":{"self":[{"href":"https:\/\/defiendase.com\/index.php\/wp-json\/wp\/v2\/posts\/3097"}],"collection":[{"href":"https:\/\/defiendase.com\/index.php\/wp-json\/wp\/v2\/posts"}],"about":[{"href":"https:\/\/defiendase.com\/index.php\/wp-json\/wp\/v2\/types\/post"}],"author":[{"embeddable":true,"href":"https:\/\/defiendase.com\/index.php\/wp-json\/wp\/v2\/users\/4"}],"replies":[{"embeddable":true,"href":"https:\/\/defiendase.com\/index.php\/wp-json\/wp\/v2\/comments?post=3097"}],"version-history":[{"count":1,"href":"https:\/\/defiendase.com\/index.php\/wp-json\/wp\/v2\/posts\/3097\/revisions"}],"predecessor-version":[{"id":3099,"href":"https:\/\/defiendase.com\/index.php\/wp-json\/wp\/v2\/posts\/3097\/revisions\/3099"}],"wp:featuredmedia":[{"embeddable":true,"href":"https:\/\/defiendase.com\/index.php\/wp-json\/wp\/v2\/media\/3098"}],"wp:attachment":[{"href":"https:\/\/defiendase.com\/index.php\/wp-json\/wp\/v2\/media?parent=3097"}],"wp:term":[{"taxonomy":"category","embeddable":true,"href":"https:\/\/defiendase.com\/index.php\/wp-json\/wp\/v2\/categories?post=3097"},{"taxonomy":"post_tag","embeddable":true,"href":"https:\/\/defiendase.com\/index.php\/wp-json\/wp\/v2\/tags?post=3097"}],"curies":[{"name":"wp","href":"https:\/\/api.w.org\/{rel}","templated":true}]}}