{"id":3088,"date":"2020-06-11T18:00:00","date_gmt":"2020-06-11T18:00:00","guid":{"rendered":"http:\/\/defiendase.impulsatuidea.com\/?p=3088"},"modified":"2023-02-12T18:01:00","modified_gmt":"2023-02-12T18:01:00","slug":"prorrogan-certificados-de-discapacidad-vencidos","status":"publish","type":"post","link":"https:\/\/defiendase.com\/index.php\/prorrogan-certificados-de-discapacidad-vencidos\/","title":{"rendered":"Prorrogan certificados de discapacidad vencidos"},"content":{"rendered":"\n<h3>La medida rige para aquellos que caducan en 2020.<\/h3>\n\n\n\n<p>Anunci\u00f3 de la Agencia Nacional de Discapacidad.&nbsp;<strong>Prorrogan por un a\u00f1o los Certificados \u00danicos de Discapacidad (CUD) y los S\u00edmbolos Internacionales de Acceso ante la imposibilidad de realizar la renovaci\u00f3n necesaria.<\/strong><br><br>Se hizo oficial mediante la resoluci\u00f3n 209\/2020 del Bolet\u00edn Oficial y corre para aquellos certificados&nbsp;<strong>con vencimiento entre el 1\u00b0 de enero y el 31 de diciembre de este a\u00f1o.<\/strong><br>https:\/\/www.youtube.com\/embed\/rE4BeZyGArE<\/p>\n\n\n\n<p>La informaci\u00f3n oficial se\u00f1ala que, al mismo tiempo,&nbsp;<strong>todos los S\u00edmbolos Internacionales de Acceso&nbsp;<\/strong>emitidos en virtud de la ley N\u00b019.279 y Decreto 1313\/93,&nbsp;<strong>que se encuentren vencidos o est\u00e9n pr\u00f3ximos a hacerlo durante este a\u00f1o 2020, tambi\u00e9n contar\u00e1n con la pr\u00f3rroga de un a\u00f1o desde su vencimiento, para su renovaci\u00f3n.<\/strong><\/p>\n\n\n\n<p>La Resoluci\u00f3n 63\/2020 ya hab\u00eda prorrogado por 90 d\u00edas corridos la vigencia de los plazos de vencimiento de los CUD y&nbsp;<strong>tambi\u00e9n incluy\u00f3 a los emitidos por las provincias que adhieren a la Ley 24.901 (NO CUD) que caduquen 90 d\u00edas despu\u00e9s de haberse publicado la norma.<\/strong><\/p>\n\n\n\n<figure class=\"wp-block-image\"><img src=\"https:\/\/www.defiendase.com\/media\/file\/CERTIFICADO%20DISCAPACIDAD%20PLACA.jpeg\" alt=\"\"\/><\/figure>\n\n\n\n<p>La normativa recuerda que, por ley,&nbsp;<strong>la Agencia Nacional de Discapacidad certificar\u00e1 en cada caso la existencia de la discapacidad, su naturaleza y su grado, como as\u00ed tambi\u00e9n las posibilidades de rehabilitaci\u00f3n de la persona.<\/strong><\/p>\n\n\n\n<p>Tambi\u00e9n indicar\u00e1, teniendo en cuenta la personalidad y los antecedentes, qu\u00e9 tipo de actividad laboral o profesional puede desempe\u00f1ar.<\/p>\n\n\n\n<p>Si tenes alguna duda o necesitas resolver un problema de este tipo, no dudes en escribirnos.&nbsp;Ingresa a la pesta\u00f1a&nbsp;<a href=\"https:\/\/www.defiendase.com\/tu-abogado-en-linea\">TU ABOGADO EN LINEA<\/a>, un miembro de nuestro equipo est\u00e1 listo para recibir&nbsp;tu consulta.<\/p>\n","protected":false},"excerpt":{"rendered":"<p>La medida rige para aquellos que caducan en 2020. Anunci\u00f3 de la Agencia Nacional de<\/p>\n","protected":false},"author":4,"featured_media":3089,"comment_status":"open","ping_status":"open","sticky":false,"template":"","format":"standard","meta":{"om_disable_all_campaigns":false,"_monsterinsights_skip_tracking":false,"_monsterinsights_sitenote_active":false,"_monsterinsights_sitenote_note":"","_monsterinsights_sitenote_category":0},"categories":[17],"tags":[],"aioseo_notices":[],"jetpack_featured_media_url":"https:\/\/defiendase.com\/wp-content\/uploads\/2023\/02\/CERTIFICADO-DISCAPACIDAD.jpeg","post_mailing_queue_ids":[],"_links":{"self":[{"href":"https:\/\/defiendase.com\/index.php\/wp-json\/wp\/v2\/posts\/3088"}],"collection":[{"href":"https:\/\/defiendase.com\/index.php\/wp-json\/wp\/v2\/posts"}],"about":[{"href":"https:\/\/defiendase.com\/index.php\/wp-json\/wp\/v2\/types\/post"}],"author":[{"embeddable":true,"href":"https:\/\/defiendase.com\/index.php\/wp-json\/wp\/v2\/users\/4"}],"replies":[{"embeddable":true,"href":"https:\/\/defiendase.com\/index.php\/wp-json\/wp\/v2\/comments?post=3088"}],"version-history":[{"count":1,"href":"https:\/\/defiendase.com\/index.php\/wp-json\/wp\/v2\/posts\/3088\/revisions"}],"predecessor-version":[{"id":3090,"href":"https:\/\/defiendase.com\/index.php\/wp-json\/wp\/v2\/posts\/3088\/revisions\/3090"}],"wp:featuredmedia":[{"embeddable":true,"href":"https:\/\/defiendase.com\/index.php\/wp-json\/wp\/v2\/media\/3089"}],"wp:attachment":[{"href":"https:\/\/defiendase.com\/index.php\/wp-json\/wp\/v2\/media?parent=3088"}],"wp:term":[{"taxonomy":"category","embeddable":true,"href":"https:\/\/defiendase.com\/index.php\/wp-json\/wp\/v2\/categories?post=3088"},{"taxonomy":"post_tag","embeddable":true,"href":"https:\/\/defiendase.com\/index.php\/wp-json\/wp\/v2\/tags?post=3088"}],"curies":[{"name":"wp","href":"https:\/\/api.w.org\/{rel}","templated":true}]}}