{"id":3080,"date":"2020-05-07T17:57:00","date_gmt":"2020-05-07T17:57:00","guid":{"rendered":"http:\/\/defiendase.impulsatuidea.com\/?p=3080"},"modified":"2023-02-12T17:58:39","modified_gmt":"2023-02-12T17:58:39","slug":"jazmin-quiere-vivir","status":"publish","type":"post","link":"https:\/\/defiendase.com\/index.php\/jazmin-quiere-vivir\/","title":{"rendered":"Jazm\u00edn quiere vivir"},"content":{"rendered":"\n<h3>No recibe su medicaci\u00f3n, IOMA no cumplen y la justicia no hace nada. Conoc\u00e9 su historia<\/h3>\n\n\n\n<p>Jazm\u00edn tiene 24 a\u00f1os. Padece fibrosis qu\u00edstica del p\u00e1ncreas y desde diciembre no recibe los medicamentos que hacen que su vida no sea un calvario diario. Las palabras de ella al comunicarse con Defiendase est\u00e1n llenas de miedo: \u00ablas necesito para vivir\u00bb.<strong>&nbsp;Esta es su historia.<\/strong><\/p>\n\n\n\n<p>Por mi enfermedad&nbsp;<strong>tengo totalmente comprometidos los sistemas respiratorios y digestivos, ambos aparatos est\u00e1n vinculados<\/strong>. Si uno est\u00e1 estable, y el otro est\u00e1 comprometido, o no est\u00e1 en un buen estado, el que est\u00e1&nbsp;bien pasa a tener un diagnostico negativo.<strong>&nbsp;En ocasiones mi intestino delgado se mete dentro del grueso y eso termina en una internaci\u00f3n<\/strong>, explic\u00f3 Jazm\u00edn.<\/p>\n\n\n\n<p><strong>\u00abPas\u00e9&nbsp;15 d\u00edas sin medicaci\u00f3n y fue lo peor que me pudo pasar en la vida\u00bb<\/strong>, confes\u00f3. En \u00e9l mientras tanto conoci\u00f3 a personas con la misma patolog\u00eda. Ellos, a ra\u00edz de un pedido de ayuda publicado en las redes sociales le donaron cierta cantidad de pastillas, pero m\u00e1s no pod\u00edan, las tienen contadas.<\/p>\n\n\n\n<figure class=\"wp-block-embed is-type-rich is-provider-gestor-del-servicio wp-block-embed-gestor-del-servicio wp-embed-aspect-16-9 wp-has-aspect-ratio\"><div class=\"wp-block-embed__wrapper\">\n<iframe loading=\"lazy\" title=\"No me entregan mi medicaci\u00f3n | Defiendase.com\" width=\"640\" height=\"360\" src=\"https:\/\/www.youtube.com\/embed\/_ccggJgrCrc?feature=oembed\" frameborder=\"0\" allow=\"accelerometer; autoplay; clipboard-write; encrypted-media; gyroscope; picture-in-picture; web-share\" allowfullscreen><\/iframe>\n<\/div><\/figure>\n\n\n\n<p>\u00abEl 15 de abril&nbsp;<strong>recib\u00ed solo 5 envases de mi medicamento. Eran 45 los que hab\u00eda&nbsp;<\/strong>pedido a IOMA a fin del a\u00f1o pasado. Ahora me quedan solo dos.&nbsp;<strong>Fraccionando cada dosis me alcanza para quince d\u00edas y lo tengo que hacer sin desayunar ni merendar\u00bb<\/strong>.<\/p>\n\n\n\n<p>Me enviaron la orden de provisi\u00f3n y dicen que el pago al proveedor est\u00e1 hecho. Me dicen que me van a entregar la medicaci\u00f3n y eso no sucede. A la vez, IOMA me dice que le reclame al proveedor, cuando son ellos los que deben ejecutar el reclamo, detall\u00f3.<strong>&nbsp;\u00abCreen que entregarme los medicamento en una semana o en un a\u00f1o es lo mismo\u00bb.<\/strong><\/p>\n\n\n\n<p>\u00abMi p\u00e1ncreas no funciona. No puedo digerir nada\u00bb.&nbsp;<strong>No puedo comer y yo me pregunto cu\u00e1nto tiempo puede sobrevivir una persona sin comer, solo ingiriendo gelatina y t\u00e9, y si no tengo una buena nutrici\u00f3n, mis pulmones se deterioran tambi\u00e9n.<\/strong><\/p>\n\n\n\n<figure class=\"wp-block-embed is-type-rich is-provider-gestor-del-servicio wp-block-embed-gestor-del-servicio wp-embed-aspect-16-9 wp-has-aspect-ratio\"><div class=\"wp-block-embed__wrapper\">\n<iframe loading=\"lazy\" title=\"No me entregan mi medicaci\u00f3n | Parte 2\" width=\"640\" height=\"360\" src=\"https:\/\/www.youtube.com\/embed\/k_SkaNcIKU8?feature=oembed\" frameborder=\"0\" allow=\"accelerometer; autoplay; clipboard-write; encrypted-media; gyroscope; picture-in-picture; web-share\" allowfullscreen><\/iframe>\n<\/div><\/figure>\n\n\n\n<p><em><strong>\u00abMe sacaron la herramienta judicial que ten\u00eda\u00bb<\/strong><\/em><br>La causa tramita en el Juzgado Civil y Comercial n\u00famero 3 de dolores a cargo del juez&nbsp;<strong>Santiago&nbsp;Cremonte<\/strong>. El Dr. Nelson Ru\u00edz, abogado de Jazm\u00edn nos explic\u00f3 que&nbsp;<strong>en 2011 iniciaron un amparo&nbsp;<\/strong>al no tener respuestas.&nbsp;<strong>El 5 de marzo pasado consiguieron una medida cautelar y se le ordena a IOMA la entrega de los 45 packs<\/strong>&nbsp;necesarios&nbsp;<strong>bajo el procedimiento de aplicar astreintes<\/strong>&nbsp;(multa diaria por cada d\u00eda de incumplimiento). La multa era, primero, $1000 por d\u00eda de retardo, luego fueron $2.500.<\/p>\n\n\n\n<p>\u00abEl 28 de abril,&nbsp;<strong>el titular del juzgado dice que no pod\u00eda poner m\u00e1s astreintes a IOMA porque est\u00e1bamos en medio de una emergencia sanitaria<\/strong>&nbsp;(COVID19)\u00bb, explica el Dr. Ru\u00edz. El 30 de ese mismo mes, el juez sentencia que no aplicar\u00e1 m\u00e1s multas y ordena que cada parte tendr\u00e1 que pagar las costas del proceso judicial\u00bb.<\/p>\n\n\n\n<p>La familia de Jazm\u00edn apel\u00f3 el 4 de abril. \u00abLa c\u00e1mara contenciosa-administrativa de Mar del Plata tendr\u00e1 que resolver la situaci\u00f3n.&nbsp;<strong>Esperamos una respuesta r\u00e1pida\u00bb<\/strong>.<\/p>\n\n\n\n<figure class=\"wp-block-image\"><img src=\"https:\/\/www.defiendase.com\/media\/file\/z\/WhatsApp%20Image%202020-05-07%20at%2018_18_18.jpeg\" alt=\"\"\/><\/figure>\n\n\n\n<p><strong>La enfermedad no tiene cura. Se la llama \u00abla gran simuladora\u00bb<\/strong>, dice Jazm\u00edn. Agrega tambi\u00e9n que ella no tiene s\u00edntomas ni se le ve ning\u00fan problema f\u00edsico \u00aba menos que convivas conmigo y notes las cosas que tengo que hacer diariamente para tener la vida de una persona normal.&nbsp;<strong>Me nebulizo todos los d\u00edas una hora y media a la ma\u00f1ana y a la noche. Si no lo hago, mi pulm\u00f3n se apelmaza y no consigo el ox\u00edgeno que necesito\u00bb.<\/strong><\/p>\n\n\n\n<p>\u00abPor d\u00eda tomo 25 enzimas diarias, vitaminas y antibi\u00f3ticos. Cuando lleg\u00f3 el coronavirus me aisl\u00e9 completamente.&nbsp;<strong>Mi cuerpo era el lugar perfecto para el COVID porque mis pulmones no tienen las defensas para pelear. Pase a ser una persona de alto riesgo. Si me llego a contagiar, definitivamente no hay forma de recuperarme\u00bb<\/strong>.<\/p>\n\n\n\n<p>\u00abA qui\u00e9n deba hacer algo le digo que por favor hagan lo que tengan que hacer para que ma\u00f1ana tenga la medicaci\u00f3n conmigo\u00bb&#8230;\u00bb<strong>En enero tendr\u00eda que haber llegado una provisi\u00f3n para 6 meses&nbsp;y yo la pandemia la pasaba sin ninguna preocupaci\u00f3n. Est\u00e1&nbsp;mi vida de por medio\u00bb,<\/strong>&nbsp;concluy\u00f3.<\/p>\n","protected":false},"excerpt":{"rendered":"<p>No recibe su medicaci\u00f3n, IOMA no cumplen y la justicia no hace nada. Conoc\u00e9 su<\/p>\n","protected":false},"author":4,"featured_media":3081,"comment_status":"open","ping_status":"open","sticky":false,"template":"","format":"standard","meta":{"om_disable_all_campaigns":false,"_monsterinsights_skip_tracking":false,"_monsterinsights_sitenote_active":false,"_monsterinsights_sitenote_note":"","_monsterinsights_sitenote_category":0},"categories":[17],"tags":[],"aioseo_notices":[],"jetpack_featured_media_url":"https:\/\/defiendase.com\/wp-content\/uploads\/2023\/02\/WhatsApp-Image-2020-05-07-at-18_27_01.jpeg","post_mailing_queue_ids":[],"_links":{"self":[{"href":"https:\/\/defiendase.com\/index.php\/wp-json\/wp\/v2\/posts\/3080"}],"collection":[{"href":"https:\/\/defiendase.com\/index.php\/wp-json\/wp\/v2\/posts"}],"about":[{"href":"https:\/\/defiendase.com\/index.php\/wp-json\/wp\/v2\/types\/post"}],"author":[{"embeddable":true,"href":"https:\/\/defiendase.com\/index.php\/wp-json\/wp\/v2\/users\/4"}],"replies":[{"embeddable":true,"href":"https:\/\/defiendase.com\/index.php\/wp-json\/wp\/v2\/comments?post=3080"}],"version-history":[{"count":1,"href":"https:\/\/defiendase.com\/index.php\/wp-json\/wp\/v2\/posts\/3080\/revisions"}],"predecessor-version":[{"id":3084,"href":"https:\/\/defiendase.com\/index.php\/wp-json\/wp\/v2\/posts\/3080\/revisions\/3084"}],"wp:featuredmedia":[{"embeddable":true,"href":"https:\/\/defiendase.com\/index.php\/wp-json\/wp\/v2\/media\/3081"}],"wp:attachment":[{"href":"https:\/\/defiendase.com\/index.php\/wp-json\/wp\/v2\/media?parent=3080"}],"wp:term":[{"taxonomy":"category","embeddable":true,"href":"https:\/\/defiendase.com\/index.php\/wp-json\/wp\/v2\/categories?post=3080"},{"taxonomy":"post_tag","embeddable":true,"href":"https:\/\/defiendase.com\/index.php\/wp-json\/wp\/v2\/tags?post=3080"}],"curies":[{"name":"wp","href":"https:\/\/api.w.org\/{rel}","templated":true}]}}