{"id":3035,"date":"2018-02-03T17:44:00","date_gmt":"2018-02-03T17:44:00","guid":{"rendered":"http:\/\/defiendase.impulsatuidea.com\/?p=3035"},"modified":"2023-02-12T17:45:36","modified_gmt":"2023-02-12T17:45:36","slug":"una-muerte-inexplicable","status":"publish","type":"post","link":"https:\/\/defiendase.com\/index.php\/una-muerte-inexplicable\/","title":{"rendered":"Una muerte inexplicable"},"content":{"rendered":"\n<h3>Por Luis Otero<\/h3>\n\n\n\n<p>INCERTIDUMBRE.&nbsp;Con esa palabra le definieron los m\u00e9dicos de la cl\u00ednica la situaci\u00f3n a la familia de D\u00e9bora.<\/p>\n\n\n\n<p>Incertidumbre. La explicaci\u00f3n a quienes se estaban enterando de que su ser amado hace un rato se hab\u00eda sometido a una endoscop\u00eda ahora estaba sin vida en una camilla.<\/p>\n\n\n\n<p>Todo pas\u00f3 en minutos. Entre que le dijeron: ?en un ratito estamos terminando, qu\u00e9date tranquila? hasta que ?hicieron todo lo posible para reanimarla y no pudieron.?<\/p>\n\n\n\n<p>No sabemos qu\u00e9 pas\u00f3 le explicaron a Quique, y a&nbsp; Marta, la madre.<\/p>\n\n\n\n<p>La ausencia de respuestas, dispar\u00f3 las preguntas y la causa judicial.<\/p>\n\n\n\n<p>Un comunicado que no comunicaba, o m\u00e1s bien intentaba deslindar.<\/p>\n\n\n\n<p>Un procedimiento que no tiene riesgos, pero en cuyo transcurso, la flaca se muri\u00f3.<\/p>\n\n\n\n<p>Y s\u00ed, no te entra en el mate.<\/p>\n\n\n\n<p>No se acepta.<\/p>\n\n\n\n<p>No tiene explicaci\u00f3n o si y surgir\u00e1 de lo que diga del examen forense, que tiene todav\u00eda varios d\u00edas para completarse. Una agon\u00eda. En medio del dolor, para la familia, cuya vida tal cual transcurr\u00eda con amor y felicidad, choc\u00f3 de frente contra un muro.<\/p>\n\n\n\n<p>Todo parece muy raro, aparecen puntos oscuros.<\/p>\n\n\n\n<p>No explicados, sin respuestas. Y es ah\u00ed donde se imponen las preguntas.<\/p>\n\n\n\n<p>\u00bfHab\u00eda una lesi\u00f3n en el est\u00f3mago? Si era as\u00ed. \u00bfPod\u00eda realizarse la endoscop\u00eda?<\/p>\n\n\n\n<p>\u00bfHab\u00eda una lesi\u00f3n en el es\u00f3fago o una patolog\u00eda preexistente no detectada?<\/p>\n\n\n\n<p>\u00bfSi era as\u00ed no hubiera tenido s\u00edntomas&nbsp; claros y detectables?<\/p>\n\n\n\n<p>Probablemente si esto \u00faltimo hubiera sido as\u00ed, no llegaba a la endoscop\u00eda sin demostrar s\u00edntomas de una situaci\u00f3n de salud complicada por la cual no se hubiera podido hacer el estudio.<\/p>\n\n\n\n<p>Lo que s\u00ed sabemos, es que&nbsp; durante el estudio, entr\u00f3 en crisis y no pudieron reanimarla. Muri\u00f3 en medio de la endoscop\u00eda.<\/p>\n\n\n\n<p>\u00bfHay muchas muertes en endoscop\u00edas? Sabemos que no. Que el riesgo es m\u00ednimo.<\/p>\n\n\n\n<p>Entonces, que lleva a la muerte a una mujer que entr\u00f3 con un dolor abdominal y fue sometida a un estudio que tiene m\u00ednimos riesgos. Un desenlace fatal que se produjo en pocos minutos.<\/p>\n\n\n\n<ul><li>\u00bfEl endoscopio funcionaba mal?<\/li><li>\u00bfEl endoscopio fue mal manipulado?<\/li><li>\u00bfHab\u00eda una patolog\u00eda preexistente que desconoc\u00edan?<\/li><\/ul>\n\n\n\n<p>TRAIGAN LA GRABACI\u00d3N&nbsp;orden\u00f3 el juez. Y all\u00ed fue la polic\u00eda a buscarla, adem\u00e1s de todos los elementos utilizados y documentaci\u00f3n faltante no&nbsp; retirada en el primer allanamiento, cuando fueron a buscar la historia cl\u00ednica y la lista de las personas que intervinieron en el episodio.<\/p>\n\n\n\n<p>Y as\u00ed se produjo el segundo allanamiento el viernes 9 cerca de la una de la tarde, mientras, devastados, familiares, amigos, compa\u00f1eros, ante una multitud que aplaud\u00eda, pon\u00edan en marcha el cortejo para llevar a D\u00e9bora a la Chacarita, ah\u00ed cerquita del lugar donde descansan los restos de su pap\u00e1.<\/p>\n\n\n\n<p>Y luego de 5 horas y monedas de procedimiento nos enteramos parece que la grabaci\u00f3n no est\u00e1..&nbsp;Y NO EST\u00c1.<\/p>\n\n\n\n<p>\u00bfPor qu\u00e9? ? Fue la pregunta? Porque no se grab\u00f3. Fue la respuesta.?? Incertidumbre, porque si no hay imagen, tampoco sabemos que pas\u00f3 aunque tengamos sospechas de lo que pudo haber pasado.<\/p>\n\n\n\n<p>Pero a la vuelta, la cl\u00ednica tiene un centro de endoscop\u00edas de \u00faltima generaci\u00f3n.<\/p>\n\n\n\n<p>En los quir\u00f3fanos, adonde se atienden &nbsp;tambi\u00e9n situaciones de urgencia, (me quedo con esta expresi\u00f3n para despu\u00e9s) no tienen los endoscopios m\u00e1s &nbsp;completos, los que graban y sacan fotos, consignan fechas, archivan documentos, etc. Esos est\u00e1n a la vuelta. Para las endoscop\u00edas programadas.<\/p>\n\n\n\n<p>El director m\u00e9dico de la cl\u00ednica&nbsp; habr\u00eda&nbsp; explicado que a D\u00e9bora la atendieron en calidad de &nbsp;urgencia y en los quir\u00f3fanos est\u00e1n los endoscopios que no tienen las mismas prestaciones.<\/p>\n\n\n\n<p>Los que son para endoscop\u00edas programadas tienen todos los adelantos.<\/p>\n\n\n\n<p>Pero si en una urgencia necesit\u00e1s precisi\u00f3n y achicar margen de error, tambi\u00e9n necesit\u00e1s la tecnolog\u00eda m\u00e1s avanzada y segura para un mejor diagn\u00f3stico y tratamiento. Para minimizar riesgos. Pero parece que estar\u00eda planteado al rev\u00e9s el esquema.<\/p>\n\n\n\n<p>No obstante,&nbsp; los expertos dicen que cuando no se filma la endoscopia por lo menos toman fotos siempre. Y si no hay c\u00e1mara usan sus celulares para fotografiar la pantalla.<\/p>\n\n\n\n<p>En el allanamiento se llevaron el aparato que supuestamente se utiliz\u00f3 para conectar el endoscopio. Se secuestr\u00f3 el endoscopio supuestamente usado. Otros endoscopios que estaban all\u00ed.<\/p>\n\n\n\n<p>La palabra&nbsp;URGENCIA, se suma a la otra&nbsp;INCERTIDUMBRE.<\/p>\n\n\n\n<p>Y si hab\u00eda una urgencia.. entonces a qu\u00e9 se deb\u00eda. Estaba D\u00e9bora en condiciones de ser sometida a ese tratamiento o&nbsp; hab\u00eda que esperar un poco m\u00e1s.<\/p>\n\n\n\n<p>Secuestraron tambi\u00e9n estudios&nbsp; que la cl\u00ednica no entreg\u00f3 en el primer allanamiento y que ahora entreg\u00f3. De esos estudios surgir\u00eda que la flaca no tendr\u00eda ninguna patolog\u00eda que pudiera poner en riesgo su vida. \u00bfY la urgencia??<\/p>\n\n\n\n<p>Conforme lo que ha trascendido y consta en la causa, la urgencia se produjo en el quir\u00f3fano, y de ah\u00ed deriv\u00f3 la muerte de nuestra compa\u00f1era.<\/p>\n\n\n\n<p>\u00bf\u00bf\u00bfY c\u00f3mo pudo pasar??? Un punto oscuro que s\u00f3lo puede aclarar el informe de los forenses cuando termine.<\/p>\n\n\n\n<p>Y si alguien de los que particip\u00f3, corre el velo de la&nbsp;INCERTIDUMBRE&nbsp;y cuenta lo que realmente pas\u00f3.<\/p>\n\n\n\n<p>Se sabe que hubo lesiones en el est\u00f3mago. Se sabe que hubo lesiones en el es\u00f3fago.<\/p>\n\n\n\n<p>Se sabe que por esto \u00faltimo , durante la endoscop\u00eda ,el aire insufl\u00f3 el t\u00f3rax, comprimi\u00f3 los pulmones, y el coraz\u00f3n.<\/p>\n\n\n\n<p>La falta de ox\u00edgeno afect\u00f3 el cerebro, y esto provoc\u00f3 la arritmia primero y luego el paro card\u00edaco.<\/p>\n\n\n\n<p>\u00bfCu\u00e1ndo comenz\u00f3 la arritmia, ya era irreversible? \u00bfSe pod\u00eda hacer algo? Todo fue in\u00fatil a esa altura de los acontecimientos, por lo que los mismos m\u00e9dicos le contaron a la familia.<\/p>\n\n\n\n<p>Entonces, c\u00f3mo fue que no se detect\u00f3 la urgencia la verdadera al parecer, que gener\u00f3 el cuadro del cual no pudieron salir aunque seg\u00fan los profesionales&nbsp;?hicieron todo lo posible.?<\/p>\n\n\n\n<p>Puestos en ese lugar. \u00bfHay responsabilidades? Porque a esta altura la fatalidad parecer\u00eda descartada. Y si hay responsables. \u00bfQui\u00e9nes, y en qu\u00e9 medida,&nbsp; y por qu\u00e9?<\/p>\n\n\n\n<p>\u00bfPOR QU\u00c9?<\/p>\n\n\n\n<p>Faltan dos informes. El&nbsp;microsc\u00f3pico&nbsp;e&nbsp;histopatol\u00f3gico.&nbsp; Y luego de all\u00ed se definir\u00e1 si sabremos la verdad, y cual es la causa por la cual ya no tenemos a D\u00e9bora.<\/p>\n\n\n\n<p>\u00bfC\u00f3mo fue la lesi\u00f3n en el es\u00f3fago?<\/p>\n\n\n\n<p>\u00bfC\u00f3mo no se detect\u00f3 a tiempo que se estaba asfixiando?<\/p>\n\n\n\n<p>\u00bfC\u00f3mo fue que no pudieron dar respuesta adecuada y a tiempo a la crisis?<\/p>\n\n\n\n<p>\u00bfHicieron todo lo posible para reanimarla?<\/p>\n\n\n\n<p>\u00bfTen\u00eda lesiones en el est\u00f3mago? Y si las ten\u00eda estuvo bien realizar la endoscop\u00eda?<\/p>\n\n\n\n<p>\u00bfEntr\u00f3&nbsp;con un dolor de panza, estuvo un d\u00eda entero internada y era una urgencia, en la que termin\u00f3 perdiendo la vida?<\/p>\n\n\n\n<p>A falta de respuestas cada vez m\u00e1s preguntas y m\u00e1s bronca, porque ac\u00e1 la fatalidad no habr\u00eda participado.<\/p>\n","protected":false},"excerpt":{"rendered":"<p>Por Luis Otero INCERTIDUMBRE.&nbsp;Con esa palabra le definieron los m\u00e9dicos de la cl\u00ednica la situaci\u00f3n<\/p>\n","protected":false},"author":4,"featured_media":3036,"comment_status":"open","ping_status":"open","sticky":false,"template":"","format":"standard","meta":{"om_disable_all_campaigns":false,"_monsterinsights_skip_tracking":false,"_monsterinsights_sitenote_active":false,"_monsterinsights_sitenote_note":"","_monsterinsights_sitenote_category":0},"categories":[17],"tags":[],"aioseo_notices":[],"jetpack_featured_media_url":"https:\/\/defiendase.com\/wp-content\/uploads\/2023\/02\/deboraluis.gif","post_mailing_queue_ids":[],"_links":{"self":[{"href":"https:\/\/defiendase.com\/index.php\/wp-json\/wp\/v2\/posts\/3035"}],"collection":[{"href":"https:\/\/defiendase.com\/index.php\/wp-json\/wp\/v2\/posts"}],"about":[{"href":"https:\/\/defiendase.com\/index.php\/wp-json\/wp\/v2\/types\/post"}],"author":[{"embeddable":true,"href":"https:\/\/defiendase.com\/index.php\/wp-json\/wp\/v2\/users\/4"}],"replies":[{"embeddable":true,"href":"https:\/\/defiendase.com\/index.php\/wp-json\/wp\/v2\/comments?post=3035"}],"version-history":[{"count":1,"href":"https:\/\/defiendase.com\/index.php\/wp-json\/wp\/v2\/posts\/3035\/revisions"}],"predecessor-version":[{"id":3037,"href":"https:\/\/defiendase.com\/index.php\/wp-json\/wp\/v2\/posts\/3035\/revisions\/3037"}],"wp:featuredmedia":[{"embeddable":true,"href":"https:\/\/defiendase.com\/index.php\/wp-json\/wp\/v2\/media\/3036"}],"wp:attachment":[{"href":"https:\/\/defiendase.com\/index.php\/wp-json\/wp\/v2\/media?parent=3035"}],"wp:term":[{"taxonomy":"category","embeddable":true,"href":"https:\/\/defiendase.com\/index.php\/wp-json\/wp\/v2\/categories?post=3035"},{"taxonomy":"post_tag","embeddable":true,"href":"https:\/\/defiendase.com\/index.php\/wp-json\/wp\/v2\/tags?post=3035"}],"curies":[{"name":"wp","href":"https:\/\/api.w.org\/{rel}","templated":true}]}}