{"id":2993,"date":"2017-04-06T22:00:12","date_gmt":"2017-04-06T22:00:12","guid":{"rendered":"http:\/\/defiendase.impulsatuidea.com\/?p=2993"},"modified":"2023-02-12T17:41:35","modified_gmt":"2023-02-12T17:41:35","slug":"sabes-que-es-el-autismo","status":"publish","type":"post","link":"https:\/\/defiendase.com\/index.php\/sabes-que-es-el-autismo\/","title":{"rendered":"\u00bfSab\u00e9s que es el autismo?"},"content":{"rendered":"\n<h3>En nuestro pa\u00eds, m\u00e1s de 400 mil personas necesitan de forma urgente que el Estado reglamente una ley ya aprobada. \u00bfC\u00f3mo se manifiesta esta enfermedad? \u00bfC\u00f3mo se trata? \u00bfQu\u00e9 signos debo tener en cuenta para detectarla? Todo en esta nota de Defi\u00e9ndase.<\/h3>\n\n\n\n<p><strong>Abril es el mes de la toma de conciencia sobre el autismo<\/strong>. Por eso en Defiendase hablamos con la psiquiatra infantojuvenil Alexia Rattazzi (M.N. 101.875). Ella nos explic\u00f3 que el autismo solamente es un cuadro que tiene que ver con el desarrollo cerebral temprano y se<strong>&nbsp;caracteriza por los desaf\u00edos que hay a la hora de interactuar socialmente con otros y por tener tambi\u00e9n intereses o conductas muy repetitivas o restringidas.&nbsp;<\/strong><\/p>\n\n\n\n<p>La especialista se\u00f1al\u00f3 que, en la mayor\u00eda de los casos, las alarmas aparecen a los dos a\u00f1os, pero que el primer pronostico se suele dar reci\u00e9n a los cuatro y ese tiempo en el medio est\u00e1 perdido.&nbsp;<strong>Para ayudar a los chicos, hay que saber cu\u00e1les son las se\u00f1ales:<\/strong><\/p>\n\n\n\n<figure class=\"wp-block-image\"><img src=\"https:\/\/www.defiendase.com\/media\/file\/autismosenales.gif\" alt=\"\"\/><\/figure>\n\n\n\n<p><strong>Todo lo que se haga en los primeros cuatro a\u00f1os de un ni\u00f1o le cambia radicalmente el futuro<\/strong>, dijo y agreg\u00f3 que el tratamiento temprano es fundamental incluso para su familia.&nbsp;<\/p>\n\n\n\n<p><strong>LA SITUACION ACTUAL&nbsp;<\/strong><\/p>\n\n\n\n<p>Hace dos a\u00f1os, se aprob\u00f3 por unanimidad la Ley 27.043 que permite el&nbsp;<strong>Abordaje Integral de las Personas con Trastornos de Espectro Autista<\/strong>&nbsp;en todo el pa\u00eds, pero lo que falta es que el Poder Ejecutivo la reglamente.<\/p>\n\n\n\n<p>Esta norma habla de la detecci\u00f3n sistem\u00e1tica y de la investigaci\u00f3n, pero tambi\u00e9n nos permitir\u00eda a todos los argentinos tener datos locales, informaci\u00f3n sobre la prevalencia, conocer la efectividad de los tratamientos a nivel local y dar una cobertura al 100 por ciento de los tratamientos.<\/p>\n\n\n\n<figure class=\"wp-block-embed is-type-rich is-provider-gestor-del-servicio wp-block-embed-gestor-del-servicio wp-embed-aspect-16-9 wp-has-aspect-ratio\"><div class=\"wp-block-embed__wrapper\">\n<iframe loading=\"lazy\" title=\"Autismo en Argentina - Defiendase.com I\" width=\"640\" height=\"360\" src=\"https:\/\/www.youtube.com\/embed\/1narjKS5PaM?feature=oembed\" frameborder=\"0\" allow=\"accelerometer; autoplay; clipboard-write; encrypted-media; gyroscope; picture-in-picture; web-share\" allowfullscreen><\/iframe>\n<\/div><\/figure>\n\n\n\n<p><strong>El autismo no respeta nacionalidades, razas, clases socioecon\u00f3micas, edades ni g\u00e9neros.&nbsp;<\/strong>Hoy hay m\u00e1s casos a pesar de no tener estad\u00edsticas en nuestro pa\u00eds. En los lugares que s\u00ed las tienen&nbsp;<strong>hay un autista cada 68 personas.<\/strong><\/p>\n\n\n\n<p>Respetando esa cifra, en nuestro pa\u00eds habr\u00eda m\u00e1s 450.000 familias afectadas por esta problem\u00e1tica, calcul\u00f3 Rattazzi.<\/p>\n\n\n\n<figure class=\"wp-block-image\"><img src=\"https:\/\/www.defiendase.com\/media\/file\/numeroa-autismo.gif\" alt=\"\"\/><\/figure>\n\n\n\n<p><strong>FACTORES DE RIESGO<\/strong><\/p>\n\n\n\n<p>De apoco se est\u00e1n descubriendo los factores de riesgo y&nbsp;<strong>es muy importante conocerlos para poder prevenir<\/strong>. Hay de dos tipos:&nbsp;<strong>los gen\u00e9ticos<\/strong>, que muy poco se puede hacer porque es lo que natura da&nbsp;<strong>y<\/strong>&nbsp;<strong>los ambientales<\/strong>, que tienen que ver con la contaminaci\u00f3n, con la concepci\u00f3n del embarazo y causas posnatales.<\/p>\n\n\n\n<p><strong>La elevada edad a la hora de concebir un ni\u00f1o es un factor del riesgo.<\/strong>&nbsp;Otras cuestiones que tienen que ver con el embarazo son las&nbsp;<strong>infecciones, inflamaciones, fiebre, medicamentos y contaminantes ambientales<\/strong>. Tener un hijo prematuro es otro factor despu\u00e9s del parto.<\/p>\n\n\n\n<p>Se deben evitar tambi\u00e9n las comidas con conservantes, colorantes o con mucha az\u00facar. Hay que consumir verduras y frutas, recomend\u00f3.<\/p>\n\n\n\n<figure class=\"wp-block-embed is-type-rich is-provider-gestor-del-servicio wp-block-embed-gestor-del-servicio wp-embed-aspect-16-9 wp-has-aspect-ratio\"><div class=\"wp-block-embed__wrapper\">\n<iframe loading=\"lazy\" title=\"AUTISMO Y LA TELEVISION - DEFIENDASE.COM\" width=\"640\" height=\"360\" src=\"https:\/\/www.youtube.com\/embed\/lzMZ_hQZprI?feature=oembed\" frameborder=\"0\" allow=\"accelerometer; autoplay; clipboard-write; encrypted-media; gyroscope; picture-in-picture; web-share\" allowfullscreen><\/iframe>\n<\/div><\/figure>\n\n\n\n<p>Un dato a tener en cuenta.&nbsp;<strong>La alta exposici\u00f3n a la televisi\u00f3n en los primeros tres a\u00f1os de edad durante horas es un alto factor de riesgo<\/strong>. Este elemento es totalmente pasivo para el receptor y no permite interactuar. Es el caso del tel\u00e9fono o una tablet, y es ah\u00ed cuando el desarrollo de habilidades de interacci\u00f3n social del menor no se logra.<\/p>\n\n\n\n<p><strong>Un ni\u00f1o no necesita un televisor<\/strong>, dijo la especialista y defini\u00f3 que lo \u00fanico que requieren es un ser humano que interact\u00fae con ellos para desarrollar, en el cerebro todo lo que tiene que ver con la comunicaci\u00f3n y la interacci\u00f3n social.<strong>&nbsp;Juguemos con los chicos, no los pongamos delante de la tele<\/strong>, aconsej\u00f3.<\/p>\n\n\n\n<p>Otro factor sucede con algunos anticuerpos de la mam\u00e1. Estos sirven para proteger al organismo de los agentes externos, pero a veces pasan a trav\u00e9s de la placenta y encuentran, como algo agresivo a algunas prote\u00ednas del cerebro fetal.<\/p>\n\n\n\n<figure class=\"wp-block-embed is-type-rich is-provider-gestor-del-servicio wp-block-embed-gestor-del-servicio wp-embed-aspect-16-9 wp-has-aspect-ratio\"><div class=\"wp-block-embed__wrapper\">\n<iframe loading=\"lazy\" title=\"Autismo en Argentina - Defiendase.com II\" width=\"640\" height=\"360\" src=\"https:\/\/www.youtube.com\/embed\/2Y0rSr5mSWA?feature=oembed\" frameborder=\"0\" allow=\"accelerometer; autoplay; clipboard-write; encrypted-media; gyroscope; picture-in-picture; web-share\" allowfullscreen><\/iframe>\n<\/div><\/figure>\n\n\n\n<p><strong>El autismo se empieza a notar al a\u00f1o de edad, pero si vos ya ten\u00e9s algunos indicadores, como una madre con estos anticuerpos o bien al hermano mayor con autismo, debes seguir muy de cerca ese caso ante la primera alarma.<\/strong>&nbsp;A ese chico le vas a cambiar la trayectoria de desarrollo por haber empezado el tratamiento desde el principio.<\/p>\n\n\n\n<p><strong>Cada caso es diferente y por eso se tiene que pensar bien en el perfil de esa persona. Hay que ver c\u00f3mo es su familia y con qu\u00e9 recursos cuenta.<\/strong>&nbsp;Cuando vos capt\u00e1s qu\u00e9 le interesa, esa es la v\u00eda de entrada para enganchar y trabajar juntos. Por ejemplo, si uno de los chicos se lleva muy bien con las mascotas lo mejor es hacer terapia con animales, explic\u00f3.<\/p>\n\n\n\n<p>El consejo que damos desde Defiendase es&nbsp;<strong>conocer las se\u00f1ales de alarma. Si ocurre eso, la mitad del partido est\u00e1 ganado porque podemos detectar el autismo en los ni\u00f1os para despu\u00e9s iniciar el tratamiento.&nbsp;<\/strong>El otro punto es algo m\u00e1s humano,<strong>&nbsp;respetar e incluir.<\/strong><\/p>\n","protected":false},"excerpt":{"rendered":"<p>En nuestro pa\u00eds, m\u00e1s de 400 mil personas necesitan de forma urgente que el Estado<\/p>\n","protected":false},"author":4,"featured_media":2999,"comment_status":"open","ping_status":"open","sticky":false,"template":"","format":"standard","meta":{"om_disable_all_campaigns":false,"_monsterinsights_skip_tracking":false,"_monsterinsights_sitenote_active":false,"_monsterinsights_sitenote_note":"","_monsterinsights_sitenote_category":0},"categories":[17],"tags":[],"aioseo_notices":[],"jetpack_featured_media_url":"https:\/\/defiendase.com\/wp-content\/uploads\/2023\/02\/autismo.jpg","post_mailing_queue_ids":[],"_links":{"self":[{"href":"https:\/\/defiendase.com\/index.php\/wp-json\/wp\/v2\/posts\/2993"}],"collection":[{"href":"https:\/\/defiendase.com\/index.php\/wp-json\/wp\/v2\/posts"}],"about":[{"href":"https:\/\/defiendase.com\/index.php\/wp-json\/wp\/v2\/types\/post"}],"author":[{"embeddable":true,"href":"https:\/\/defiendase.com\/index.php\/wp-json\/wp\/v2\/users\/4"}],"replies":[{"embeddable":true,"href":"https:\/\/defiendase.com\/index.php\/wp-json\/wp\/v2\/comments?post=2993"}],"version-history":[{"count":1,"href":"https:\/\/defiendase.com\/index.php\/wp-json\/wp\/v2\/posts\/2993\/revisions"}],"predecessor-version":[{"id":3000,"href":"https:\/\/defiendase.com\/index.php\/wp-json\/wp\/v2\/posts\/2993\/revisions\/3000"}],"wp:featuredmedia":[{"embeddable":true,"href":"https:\/\/defiendase.com\/index.php\/wp-json\/wp\/v2\/media\/2999"}],"wp:attachment":[{"href":"https:\/\/defiendase.com\/index.php\/wp-json\/wp\/v2\/media?parent=2993"}],"wp:term":[{"taxonomy":"category","embeddable":true,"href":"https:\/\/defiendase.com\/index.php\/wp-json\/wp\/v2\/categories?post=2993"},{"taxonomy":"post_tag","embeddable":true,"href":"https:\/\/defiendase.com\/index.php\/wp-json\/wp\/v2\/tags?post=2993"}],"curies":[{"name":"wp","href":"https:\/\/api.w.org\/{rel}","templated":true}]}}