{"id":2991,"date":"2016-09-27T21:58:00","date_gmt":"2016-09-27T21:58:00","guid":{"rendered":"http:\/\/defiendase.impulsatuidea.com\/?p=2991"},"modified":"2023-02-10T22:01:00","modified_gmt":"2023-02-10T22:01:00","slug":"con-papa-y-con-mama","status":"publish","type":"post","link":"https:\/\/defiendase.com\/index.php\/con-papa-y-con-mama\/","title":{"rendered":"Con pap\u00e1 y con mam\u00e1"},"content":{"rendered":"\n<h3>Cuando una pareja se divorcia los hijos pueden convertirse en un bot\u00edn de guerra. Pero existen alternativas pensadas para que los chicos sufran lo menos posible esta separaci\u00f3n. Entre a esta nota y ent\u00e9rate que es la tenencia compartida y la tenencia alternada.<\/h3>\n\n\n\n<p>Marcelo y Sonia se separaron. El hijo que tuvieron tiene 8 a\u00f1os y le dijo a su abogado del ni\u00f1o que quiere seguir viviendo con los dos. Ante el llamado del juez, sus pap\u00e1s propusieron que el menor se quede en la casa y que sean ellos los que \u0093vayan y vengan\u0094. \u00bfSe puede hacer esto?&nbsp;<\/p>\n\n\n\n<p>Para responder a esta inquietud consultamos al Dr. Esteban Otero, abogado especialista en derecho contractual sobre la tenencia compartida. \u0093Es una de las reglamentaciones que qued\u00f3 en el nuevo C\u00f3digo Civil y Comercial a diferencia de muchas. El origen se dio como una soluci\u00f3n ante el tironeo constante de los padres divorciados para con el menor. No ha sido f\u00e1cil su aceptaci\u00f3n dentro de la jurisprudencia\u0094, explic\u00f3.<\/p>\n\n\n\n<figure class=\"wp-block-embed is-type-rich is-provider-gestor-del-servicio wp-block-embed-gestor-del-servicio wp-embed-aspect-16-9 wp-has-aspect-ratio\"><div class=\"wp-block-embed__wrapper\">\n<iframe loading=\"lazy\" title=\"La tenencia compartida - Defiendase com Parte I\" width=\"640\" height=\"360\" src=\"https:\/\/www.youtube.com\/embed\/PXGiYaSzOYw?feature=oembed\" frameborder=\"0\" allow=\"accelerometer; autoplay; clipboard-write; encrypted-media; gyroscope; picture-in-picture; web-share\" allowfullscreen><\/iframe>\n<\/div><\/figure>\n\n\n\n<p>Otero se\u00f1ala que reci\u00e9n en los \u00faltimos 10 o 15 a\u00f1os se tom\u00f3 c\u00f3mo una opci\u00f3n beneficiosa, y m\u00e1s aun con el nuevo C\u00f3digo, porque ya no hay m\u00e1s presunci\u00f3n de qui\u00e9n es el m\u00e1s apto. Uno de los factores que ayud\u00f3 a la aceptaci\u00f3n de la tenencia compartida fue el matrimonio igualitario, en donde ya no hay m\u00e1s mam\u00e1 o pap\u00e1.<\/p>\n\n\n\n<p>\u0093La presunci\u00f3n es que los dos mantienen la guarda del menor. Si no hay tal acuerdo, judicialmente se va a trabajar para eso y reci\u00e9n en el \u00faltimo de los casos es el juez quien va a decidir sobre la tenencia\u0094, se\u00f1ala el Dr. Otero.<\/p>\n\n\n\n<p><strong>\u00bfDice algo la ley sobre qui\u00e9n se debe mudar?<\/strong><\/p>\n\n\n\n<p>Respecto a esto no dice nada el C\u00f3digo. Leyendo un poquito de doctrina previa a esta nueva reglamentaci\u00f3n se hablaba de tenencia compartida de dos formas. T<strong>enencia compartida<\/strong>&nbsp;y<strong>&nbsp;tenencia alternada.&nbsp;<\/strong>La primera establece que es el hijo el que se va a la casa del pap\u00e1 y despu\u00e9s a la de la mam\u00e1. Pero el segundo supuesto habla de que sean los padres los que ingresan y salgan alternativamente de la casa que solo habitan los menores.&nbsp;<\/p>\n\n\n\n<p>De esto el C\u00f3digo no dice nada, pero tampoco lo proh\u00edbe, y creo que desde el punto de vista psicol\u00f3gico es mejor esta opci\u00f3n. Que sean los menores que est\u00e9n en la casa y los padres los que alternen el cuidado de los hijos dentro del mismo \u00e1mbito.<\/p>\n\n\n\n<figure class=\"wp-block-embed is-type-rich is-provider-gestor-del-servicio wp-block-embed-gestor-del-servicio wp-embed-aspect-16-9 wp-has-aspect-ratio\"><div class=\"wp-block-embed__wrapper\">\n<iframe loading=\"lazy\" title=\"La tenencia compartida - Defiendase com Parte II\" width=\"640\" height=\"360\" src=\"https:\/\/www.youtube.com\/embed\/Te0CeEzgEzU?feature=oembed\" frameborder=\"0\" allow=\"accelerometer; autoplay; clipboard-write; encrypted-media; gyroscope; picture-in-picture; web-share\" allowfullscreen><\/iframe>\n<\/div><\/figure>\n\n\n\n<p><strong>\u00bfEl hijo debe tener una determinada edad para que se plantee la tenencia compartida?<\/strong><\/p>\n\n\n\n<p>No hay ning\u00fan l\u00edmite de edad. Hay que tener en cuenta que la voz del menor tiene otro peso a diferencia del viejo C\u00f3digo Civil. Ahora, en la mayor\u00eda de los casos, desde los 13 a\u00f1os en adelante los chicos deben estar en determinados actos. La opini\u00f3n del menor no es condicionante, pero resulta trascendente.<\/p>\n\n\n\n<p><strong>Tob\u00edas tiene 4 a\u00f1os. \u00c9l no quer\u00eda ir a ver su mam\u00e1 porque la pareja de ella le pegaba y su pap\u00e1 no sab\u00eda c\u00f3mo actuar legalmente.<\/strong><\/p>\n\n\n\n<p>La justicia debe ser la primera y \u00faltima en actuar. Hay que tener muy presente que siempre se va a priorizar el contacto del menor con los padres. Y si hay un problema primero se acude a una soluci\u00f3n de la inmediatez de la urgencia, pero ni siquiera desde el \u00e1mbito judicial debe abandonarse esa situaci\u00f3n. En primer lugar, para solucionar ese tema se tom\u00f3 un remedio de urgencia, pero a partir de ese momento desde el \u00e1mbito judicial se debe canalizar y organizar el modo en el cual se vuelve a reformular esa relaci\u00f3n, detall\u00f3 el abogado.<\/p>\n","protected":false},"excerpt":{"rendered":"<p>Cuando una pareja se divorcia los hijos pueden convertirse en un bot\u00edn de guerra. Pero<\/p>\n","protected":false},"author":4,"featured_media":2998,"comment_status":"open","ping_status":"open","sticky":false,"template":"","format":"standard","meta":{"om_disable_all_campaigns":false,"_monsterinsights_skip_tracking":false,"_monsterinsights_sitenote_active":false,"_monsterinsights_sitenote_note":"","_monsterinsights_sitenote_category":0},"categories":[252],"tags":[],"aioseo_notices":[],"jetpack_featured_media_url":"https:\/\/defiendase.com\/wp-content\/uploads\/2023\/02\/divorciohijios.gif","post_mailing_queue_ids":[],"_links":{"self":[{"href":"https:\/\/defiendase.com\/index.php\/wp-json\/wp\/v2\/posts\/2991"}],"collection":[{"href":"https:\/\/defiendase.com\/index.php\/wp-json\/wp\/v2\/posts"}],"about":[{"href":"https:\/\/defiendase.com\/index.php\/wp-json\/wp\/v2\/types\/post"}],"author":[{"embeddable":true,"href":"https:\/\/defiendase.com\/index.php\/wp-json\/wp\/v2\/users\/4"}],"replies":[{"embeddable":true,"href":"https:\/\/defiendase.com\/index.php\/wp-json\/wp\/v2\/comments?post=2991"}],"version-history":[{"count":1,"href":"https:\/\/defiendase.com\/index.php\/wp-json\/wp\/v2\/posts\/2991\/revisions"}],"predecessor-version":[{"id":3004,"href":"https:\/\/defiendase.com\/index.php\/wp-json\/wp\/v2\/posts\/2991\/revisions\/3004"}],"wp:featuredmedia":[{"embeddable":true,"href":"https:\/\/defiendase.com\/index.php\/wp-json\/wp\/v2\/media\/2998"}],"wp:attachment":[{"href":"https:\/\/defiendase.com\/index.php\/wp-json\/wp\/v2\/media?parent=2991"}],"wp:term":[{"taxonomy":"category","embeddable":true,"href":"https:\/\/defiendase.com\/index.php\/wp-json\/wp\/v2\/categories?post=2991"},{"taxonomy":"post_tag","embeddable":true,"href":"https:\/\/defiendase.com\/index.php\/wp-json\/wp\/v2\/tags?post=2991"}],"curies":[{"name":"wp","href":"https:\/\/api.w.org\/{rel}","templated":true}]}}