{"id":2893,"date":"2020-07-30T21:25:00","date_gmt":"2020-07-30T21:25:00","guid":{"rendered":"http:\/\/defiendase.impulsatuidea.com\/?p=2893"},"modified":"2023-02-10T21:26:17","modified_gmt":"2023-02-10T21:26:17","slug":"la-importancia-de-la-mediacion","status":"publish","type":"post","link":"https:\/\/defiendase.com\/index.php\/la-importancia-de-la-mediacion\/","title":{"rendered":"La importancia de la mediaci\u00f3n"},"content":{"rendered":"\n<h3>Antes de un largo y costoso juicio, mejor llegar a un acuerdo. Las claves en esta nota:<\/h3>\n\n\n\n<p><br>El caso de Sandra se resolvi\u00f3 en una mediaci\u00f3n. Ella ya tiene m\u00e1s&nbsp;de 60 a\u00f1os y vive&nbsp;en la provincia de Buenos Aires.&nbsp;<strong>La abogada Vanesa Di Cataldo<\/strong>, especialista en da\u00f1os nos coment\u00f3 que la se\u00f1ora fue a consultarle por un tema previsional y&nbsp;<strong>mientras hablaban not\u00f3&nbsp;que al mover el brazo&nbsp;se le hac\u00eda una especie de curva&nbsp;mientras lo sub\u00eda y bajaba.<\/strong>&nbsp;En teor\u00eda, Sandra cre\u00eda que eso fue&nbsp;producto de una fractura despu\u00e9s de un accidente pero no de una mala praxis como en realidad era.<\/p>\n\n\n\n<p><strong>El detalle es que los m\u00e9dicos nunca operaron, s\u00f3lo la enyesaron.&nbsp;<\/strong>\u00abEste caso se trataba de un tema m\u00e9dico y necesitaba que la vea un m\u00e9dico legista porque siempre es importante que examine la situaci\u00f3n un profesional.&nbsp;<strong>Nosotros somos abogados y no sabemos de medicina\u00bb.<\/strong><\/p>\n\n\n\n<p><strong>Despu\u00e9s del an\u00e1lisis m\u00e9dico se lleg\u00f3 a la conclusi\u00f3n que la soldadura del hueso no se realiz\u00f3 en las uniones, si no uno encima del otro<\/strong>&nbsp;y esto implicaba un error m\u00e9dico grande de parte de qui\u00e9n lo hab\u00eda llevado a cabo.&nbsp;<strong>\u00abEl caso se llev\u00f3 a mediaci\u00f3n. Se cit\u00f3 a la cl\u00ednica, al m\u00e9dico y a la obra social entendiendo que eran todos responsables<\/strong>&nbsp;solidariamente por lo que hab\u00eda ocurrido y esta se\u00f1ora, despu\u00e9s de seis meses pudo cobrar una indemnizaci\u00f3n que le permiti\u00f3 construir su vivienda\u00bb, explic\u00f3 la abogada.<\/p>\n\n\n\n<figure class=\"wp-block-embed is-type-rich is-provider-gestor-del-servicio wp-block-embed-gestor-del-servicio wp-embed-aspect-16-9 wp-has-aspect-ratio\"><div class=\"wp-block-embed__wrapper\">\n<iframe loading=\"lazy\" title=\"Mala praxis y mediaci\u00f3n | Defiendase.com\" width=\"640\" height=\"360\" src=\"https:\/\/www.youtube.com\/embed\/T5SEZLoPOgY?feature=oembed\" frameborder=\"0\" allow=\"accelerometer; autoplay; clipboard-write; encrypted-media; gyroscope; picture-in-picture; web-share\" allowfullscreen><\/iframe>\n<\/div><\/figure>\n\n\n\n<p><strong>Entonces, \u00bfpor qu\u00e9 es importante una mediaci\u00f3n?<\/strong><br>Di Cataldo se\u00f1al\u00f3 que la mediaci\u00f3n tiene como finalidad que la gente se vea las caras y pueda arribar a un acuerdo sin necesidad de todo el estipendio judicial que implica un juicio.&nbsp;<strong>\u00abMuchas veces, vi\u00e9ndose las caras se puede llegar a un acuerdo\u00bb.<\/strong><\/p>\n\n\n\n<p>En los casos de da\u00f1os y perjuicios es totalmente obligatoria.<strong>&nbsp;\u00abEn el caso de mala praxis si o si deben pasar por esta instancia. Adem\u00e1s, el proceso es totalmente confidencial y no queda ning\u00fan registro de lo ocurrido, salvo la asistencia de la gente. Se citan a todos los que se consideran responsables y no hay ni prueba, ni oficios, ni testigo. Esto no es un juicio\u00bb.<\/strong><\/p>\n\n\n\n<p>Si se cierra sin acuerdo se va a juicio. Si se cierra con acuerdo, se homologa y se firma, y tiene la misma autoridad que una sentencia en cuanto al cumplimiento y ah\u00ed se termina. \u00ab<strong>Con la mediaci\u00f3n se tiene resuelto el caso en tal vez 6 meses\u00bb.<\/strong><\/p>\n\n\n\n<figure class=\"wp-block-image\"><img src=\"https:\/\/www.defiendase.com\/media\/file\/fotobeccar\/mediacion1.jpg\" alt=\"\"\/><\/figure>\n\n\n\n<p><strong>La otra pregunta importante es qui\u00e9n es el mediador.<\/strong>&nbsp;Se trata de un abogado especializado matriculado en el Registro de Mediadores.&nbsp;<strong>No es juez ni \u00e1rbitro y su funci\u00f3n es escuchar a las personas en conflicto<\/strong>, facilitarles el di\u00e1logo y ayudarlas a encontrar una soluci\u00f3n adecuada al problema.<\/p>\n\n\n\n<p><strong>Al mediador se lo elige de diferentes maneras.&nbsp;<\/strong>Puede ser por acuerdo de partes o por sorteo ante la mesa de entrada del tribunal actuante. Tambi\u00e9n lo puede proponer el reclamante a la otra parte, aunque debe ofrecerle tambi\u00e9n un listado con el nombre de otros mediadores para que, si lo desea, pueda elegir otro. El juez tambi\u00e9n puede participar en la elecci\u00f3n del mediador.<\/p>\n\n\n\n<p>Un dato importante respecto al \u00abarbitro\u00bb:&nbsp;<strong>las partes pueden tomar contacto con el mediador antes de la fecha de la audiencia solo para hacerle saber cu\u00e1les son sus pretensiones.<\/strong><\/p>\n\n\n\n<figure class=\"wp-block-image\"><img src=\"https:\/\/www.defiendase.com\/media\/file\/fotobeccar\/mediacion2.jpg\" alt=\"\"\/><\/figure>\n\n\n\n<p>Un dato importante a remarcar es que las partes tienen la obligaci\u00f3n de ir a las audiencias de mediaci\u00f3n. No pueden ser representadas por otra persona con un poder especial que le d\u00e9 tal vez un escribano.&nbsp;<strong>S\u00f3lo si viven a m\u00e1s de 150 km del lugar donde se realiza la audiencia las partes pueden hacerse representar por un apoderado.<\/strong><\/p>\n\n\n\n<p>Otra de las obligaciones es<strong>&nbsp;ir con abogado.&nbsp;<\/strong>Si eso ocurre queda asentado en el acta que estuvo ausente salvo que acuerden una nueva fecha de mediaci\u00f3n para reparar la falta.&nbsp;<strong>Adem\u00e1s, se les puede aplicar una multa.<\/strong><\/p>\n\n\n\n<p>Una pregunta recurrente en Defiendase.com es&nbsp;<strong>qu\u00e9 pasa cuando se llega a un acuerdo y existen menores o personas incapaces.&nbsp;<\/strong>Aqu\u00ed una vez m\u00e1s interviene el juez. Es quien debe revisar el convenio para garantizar el cumplimiento de los derechos de esas personas.<\/p>\n\n\n\n<p>Si no se cumple con el acuerdo alcanzado en mediaci\u00f3n&nbsp;<strong>un juez puede obligar al incumplidor a que haga lo pactado en el acuerdo.<\/strong><\/p>\n","protected":false},"excerpt":{"rendered":"<p>Antes de un largo y costoso juicio, mejor llegar a un acuerdo. Las claves en<\/p>\n","protected":false},"author":4,"featured_media":2894,"comment_status":"open","ping_status":"open","sticky":false,"template":"","format":"standard","meta":{"om_disable_all_campaigns":false,"_monsterinsights_skip_tracking":false,"_monsterinsights_sitenote_active":false,"_monsterinsights_sitenote_note":"","_monsterinsights_sitenote_category":0},"categories":[18],"tags":[],"aioseo_notices":[],"jetpack_featured_media_url":"https:\/\/defiendase.com\/wp-content\/uploads\/2023\/02\/mediacionportad.jpg","post_mailing_queue_ids":[],"_links":{"self":[{"href":"https:\/\/defiendase.com\/index.php\/wp-json\/wp\/v2\/posts\/2893"}],"collection":[{"href":"https:\/\/defiendase.com\/index.php\/wp-json\/wp\/v2\/posts"}],"about":[{"href":"https:\/\/defiendase.com\/index.php\/wp-json\/wp\/v2\/types\/post"}],"author":[{"embeddable":true,"href":"https:\/\/defiendase.com\/index.php\/wp-json\/wp\/v2\/users\/4"}],"replies":[{"embeddable":true,"href":"https:\/\/defiendase.com\/index.php\/wp-json\/wp\/v2\/comments?post=2893"}],"version-history":[{"count":1,"href":"https:\/\/defiendase.com\/index.php\/wp-json\/wp\/v2\/posts\/2893\/revisions"}],"predecessor-version":[{"id":2896,"href":"https:\/\/defiendase.com\/index.php\/wp-json\/wp\/v2\/posts\/2893\/revisions\/2896"}],"wp:featuredmedia":[{"embeddable":true,"href":"https:\/\/defiendase.com\/index.php\/wp-json\/wp\/v2\/media\/2894"}],"wp:attachment":[{"href":"https:\/\/defiendase.com\/index.php\/wp-json\/wp\/v2\/media?parent=2893"}],"wp:term":[{"taxonomy":"category","embeddable":true,"href":"https:\/\/defiendase.com\/index.php\/wp-json\/wp\/v2\/categories?post=2893"},{"taxonomy":"post_tag","embeddable":true,"href":"https:\/\/defiendase.com\/index.php\/wp-json\/wp\/v2\/tags?post=2893"}],"curies":[{"name":"wp","href":"https:\/\/api.w.org\/{rel}","templated":true}]}}